{"id":867,"date":"2018-09-15T08:30:40","date_gmt":"2018-09-15T06:30:40","guid":{"rendered":"http:\/\/www.adaje.ch\/wordpress\/?p=867"},"modified":"2018-09-15T22:39:28","modified_gmt":"2018-09-15T20:39:28","slug":"867","status":"publish","type":"post","link":"https:\/\/www.adaje.ch\/wordpress\/2018\/09\/15\/867\/","title":{"rendered":"Recette de tarte au raisin\u00e9"},"content":{"rendered":"<p>Voici la succulente recette \u00e0 base de raisin\u00e9, produit qui sera \u00e0 l&rsquo;honneur lors de f\u00eate d&rsquo;automne du 22 septembre 2018,<\/p>\n<h1><strong>Tarte au raisin\u00e9<\/strong><\/h1>\n<h2>Ingr\u00e9dients<\/h2>\n<p>Pour 1 tarte de 22 \u00e0 24 cm de diam\u00e8tre<\/p>\n<ul>\n<li>250g p\u00e2te bris\u00e9e<\/li>\n<li>10g beurre<\/li>\n<\/ul>\n<h2>Appareil<\/h2>\n<ul>\n<li>2dl lait<\/li>\n<li>1 \u0153uf<\/li>\n<li>15g farine fleur<\/li>\n<li>40g sucre brut<\/li>\n<li>1dl cr\u00e8me 35%<\/li>\n<li>2dl raisin\u00e9<\/li>\n<\/ul>\n<h2>Mise en place<\/h2>\n<p>Beurrer une forme \u00e0 tarte<\/p>\n<p>M\u00e9langer tous les ingr\u00e9dients de l\u2019appareil<\/p>\n<h2>Pr\u00e9paration<\/h2>\n<p>Abaisser la p\u00e2te \u00e0 2 mm d\u2019\u00e9paisseur<\/p>\n<p>Foncer la forme \u00e0 tarte et piquer la p\u00e2te<\/p>\n<p>Verser l\u2019appareil<\/p>\n<p>Cuire au four \u00e0 210\u00b0C, environ 25 minutes<\/p>\n<p>Servir froid<\/p>\n<h2>Remarques<\/h2>\n<p>La quantit\u00e9 de sucre peut varier selon la qualit\u00e9 du vin cuit\/raisin\u00e9<\/p>\n<p>On peut cuire la p\u00e2te \u00e0 blanc&nbsp;: mettre des noyaux de cerises ou des haricots secs sur la p\u00e2te et cuire au four pendant 8 \u00e0 10 minutes \u00e0 environ 220\u00b0C.<\/p>\n<p>Retirer les noyaux ou les haricots et verser l\u2019appareil, puis cuire \u00e0 environ 170\u00b0C, pendant 25 minutes.<\/p>\n<p>Source&nbsp;: \u00ab\u00a0Recettes du terroir neuch\u00e2telois\u00a0\u00bb, Francis Grandjean, \u00e9dition H.Messelier S.A. Neuch\u00e2tel, 2002<\/p>\n<p><a href=\"http:\/\/www.adaje.ch\/wordpress\/wp-content\/uploads\/2018\/09\/Tarte_au_raisin\u00e9_Terroir_neuchatelois.pdf\">Tarte_au_raisin\u00e9<\/a> (version PDF \u00e0 t\u00e9l\u00e9charger)<\/p>\n","protected":false},"excerpt":{"rendered":"<p>Voici la succulente recette \u00e0 base de raisin\u00e9, produit qui sera \u00e0 l&rsquo;honneur lors de f\u00eate d&rsquo;automne du 22 septembre 2018, Tarte au raisin\u00e9 Ingr\u00e9dients Pour 1 tarte de 22 [&hellip;]<\/p>\n","protected":false},"author":5,"featured_media":0,"comment_status":"closed","ping_status":"closed","sticky":false,"template":"","format":"standard","meta":{"ngg_post_thumbnail":0,"_price":"","_stock":"","_tribe_ticket_header":"","_tribe_default_ticket_provider":"","_tribe_ticket_capacity":"","_ticket_start_date":"","_ticket_end_date":"","_tribe_ticket_show_description":"","_tribe_ticket_show_not_going":false,"_tribe_ticket_use_global_stock":"","_tribe_ticket_global_stock_level":"","_global_stock_mode":"","_global_stock_cap":"","_tribe_rsvp_for_event":"","_tribe_ticket_going_count":"","_tribe_ticket_not_going_count":"","_tribe_tickets_list":"[]","_tribe_ticket_has_attendee_info_fields":false,"footnotes":""},"categories":[3,43],"tags":[],"class_list":["post-867","post","type-post","status-publish","format-standard","hentry","category-activites_adaje","category-recettes"],"_links":{"self":[{"href":"https:\/\/www.adaje.ch\/wordpress\/wp-json\/wp\/v2\/posts\/867","targetHints":{"allow":["GET"]}}],"collection":[{"href":"https:\/\/www.adaje.ch\/wordpress\/wp-json\/wp\/v2\/posts"}],"about":[{"href":"https:\/\/www.adaje.ch\/wordpress\/wp-json\/wp\/v2\/types\/post"}],"author":[{"embeddable":true,"href":"https:\/\/www.adaje.ch\/wordpress\/wp-json\/wp\/v2\/users\/5"}],"replies":[{"embeddable":true,"href":"https:\/\/www.adaje.ch\/wordpress\/wp-json\/wp\/v2\/comments?post=867"}],"version-history":[{"count":10,"href":"https:\/\/www.adaje.ch\/wordpress\/wp-json\/wp\/v2\/posts\/867\/revisions"}],"predecessor-version":[{"id":880,"href":"https:\/\/www.adaje.ch\/wordpress\/wp-json\/wp\/v2\/posts\/867\/revisions\/880"}],"wp:attachment":[{"href":"https:\/\/www.adaje.ch\/wordpress\/wp-json\/wp\/v2\/media?parent=867"}],"wp:term":[{"taxonomy":"category","embeddable":true,"href":"https:\/\/www.adaje.ch\/wordpress\/wp-json\/wp\/v2\/categories?post=867"},{"taxonomy":"post_tag","embeddable":true,"href":"https:\/\/www.adaje.ch\/wordpress\/wp-json\/wp\/v2\/tags?post=867"}],"curies":[{"name":"wp","href":"https:\/\/api.w.org\/{rel}","templated":true}]}}