{"id":70,"date":"2023-06-09T01:10:00","date_gmt":"2023-06-08T23:10:00","guid":{"rendered":"http:\/\/lisajoly.myhostpoint.ch\/wordpress_ljoly\/?p=70"},"modified":"2024-11-25T20:13:20","modified_gmt":"2024-11-25T19:13:20","slug":"bienvenue","status":"publish","type":"post","link":"https:\/\/www.adaje.ch\/wordpress\/2023\/06\/09\/bienvenue\/","title":{"rendered":"Bienvenue sur le site de l&rsquo;ADAJE"},"content":{"rendered":"<p><a href=\"http:\/\/www.adaje.ch\/wordpress\/wp-content\/uploads\/2015\/08\/logo_petit.png\"><img loading=\"lazy\" decoding=\"async\" class=\"size-full wp-image-288 alignleft\" src=\"http:\/\/www.adaje.ch\/wordpress\/wp-content\/uploads\/2015\/08\/logo_petit.png\" alt=\"logo_petit\" width=\"133\" height=\"101\"><\/a><strong>L&rsquo;ADAJE<\/strong> (Association Des Ami\u00b7es du Jardin botanique de l&rsquo;Ermitage) &#8211; <strong>cr\u00e9\u00e9e en 1992 &#8211; soutient les activit\u00e9s du Jardin botanique de Neuch\u00e2tel<\/strong><em>.&nbsp;<\/em>L\u2019association collabore \u00e9troitement avec le Jardin, sis dans le Vallon de l\u2019Ermitage.<\/p>\n<p><!--more-->L\u2019association a pour buts:<\/p>\n<ul>\n<li>de contribuer \u00e0 sensibiliser le public \u00e0 la diversit\u00e9 de la flore sauvage, neuch\u00e2teloise et suisse en particulier,<\/li>\n<li>d\u2019informer sur les questions relative \u00e0 la culture, \u00e0 la multiplication et aux soins des plantes,<\/li>\n<li>d\u2019apporter un soutien actif \u00e0 toutes les activit\u00e9s de vulgarisation du Jardin botanique,<\/li>\n<li>d\u2019int\u00e9resser le public aux travaux men\u00e9s au Jardin botanique et \u00e0 l\u2019Institut de botanique de Neuch\u00e2tel<\/li>\n<\/ul>\n<p><a href=\"http:\/\/www.adaje.ch\/wordpress\/wp-content\/uploads\/2015\/11\/14_loro-beneficiaire15_q_1.gif\"><img loading=\"lazy\" decoding=\"async\" class=\"alignleft size-full wp-image-457\" src=\"http:\/\/www.adaje.ch\/wordpress\/wp-content\/uploads\/2015\/11\/14_loro-beneficiaire15_q_1.gif\" alt=\"logo LoRo\" width=\"198\" height=\"110\"><\/a><\/p>\n<p><strong>L&rsquo;ADAJE b\u00e9n\u00e9ficie du soutien de la Loterie Romande<\/strong><\/p>\n<p><a href=\"http:\/\/www.adaje.ch\/wordpress\/wp-content\/uploads\/2024\/11\/Statuts-ADAJE_2022.pdf\" target=\"_blank\" rel=\"noopener\">Vers les statuts<\/a><\/p>\n\n\n<p class=\"wp-block-paragraph\"><\/p>\n","protected":false},"excerpt":{"rendered":"<p>L&rsquo;ADAJE (Association Des Ami\u00b7es du Jardin botanique de l&rsquo;Ermitage) &#8211; cr\u00e9\u00e9e en 1992 &#8211; soutient les activit\u00e9s du Jardin botanique de Neuch\u00e2tel.&nbsp;L\u2019association collabore \u00e9troitement avec le Jardin, sis dans le [&hellip;]<\/p>\n","protected":false},"author":5,"featured_media":3876,"comment_status":"closed","ping_status":"open","sticky":true,"template":"","format":"standard","meta":{"ngg_post_thumbnail":0,"_price":"","_stock":"","_tribe_ticket_header":"","_tribe_default_ticket_provider":"","_tribe_ticket_capacity":"","_ticket_start_date":"","_ticket_end_date":"","_tribe_ticket_show_description":"","_tribe_ticket_show_not_going":false,"_tribe_ticket_use_global_stock":"","_tribe_ticket_global_stock_level":"","_global_stock_mode":"","_global_stock_cap":"","_tribe_rsvp_for_event":"","_tribe_ticket_going_count":"","_tribe_ticket_not_going_count":"","_tribe_tickets_list":"[]","_tribe_ticket_has_attendee_info_fields":false,"footnotes":""},"categories":[5],"tags":[],"class_list":["post-70","post","type-post","status-publish","format-standard","has-post-thumbnail","hentry","category-association"],"_links":{"self":[{"href":"https:\/\/www.adaje.ch\/wordpress\/wp-json\/wp\/v2\/posts\/70","targetHints":{"allow":["GET"]}}],"collection":[{"href":"https:\/\/www.adaje.ch\/wordpress\/wp-json\/wp\/v2\/posts"}],"about":[{"href":"https:\/\/www.adaje.ch\/wordpress\/wp-json\/wp\/v2\/types\/post"}],"author":[{"embeddable":true,"href":"https:\/\/www.adaje.ch\/wordpress\/wp-json\/wp\/v2\/users\/5"}],"replies":[{"embeddable":true,"href":"https:\/\/www.adaje.ch\/wordpress\/wp-json\/wp\/v2\/comments?post=70"}],"version-history":[{"count":8,"href":"https:\/\/www.adaje.ch\/wordpress\/wp-json\/wp\/v2\/posts\/70\/revisions"}],"predecessor-version":[{"id":5848,"href":"https:\/\/www.adaje.ch\/wordpress\/wp-json\/wp\/v2\/posts\/70\/revisions\/5848"}],"wp:featuredmedia":[{"embeddable":true,"href":"https:\/\/www.adaje.ch\/wordpress\/wp-json\/wp\/v2\/media\/3876"}],"wp:attachment":[{"href":"https:\/\/www.adaje.ch\/wordpress\/wp-json\/wp\/v2\/media?parent=70"}],"wp:term":[{"taxonomy":"category","embeddable":true,"href":"https:\/\/www.adaje.ch\/wordpress\/wp-json\/wp\/v2\/categories?post=70"},{"taxonomy":"post_tag","embeddable":true,"href":"https:\/\/www.adaje.ch\/wordpress\/wp-json\/wp\/v2\/tags?post=70"}],"curies":[{"name":"wp","href":"https:\/\/api.w.org\/{rel}","templated":true}]}}