{"id":668,"date":"2016-11-04T08:46:59","date_gmt":"2016-11-04T07:46:59","guid":{"rendered":"http:\/\/www.adaje.ch\/wordpress\/?p=668"},"modified":"2016-11-04T09:00:32","modified_gmt":"2016-11-04T08:00:32","slug":"le-jardin-de-levolution","status":"publish","type":"post","link":"https:\/\/www.adaje.ch\/wordpress\/2016\/11\/04\/le-jardin-de-levolution\/","title":{"rendered":"\u00ab\u00a0Le Jardin de l&rsquo;\u00e9volution\u00a0\u00bb"},"content":{"rendered":"<figure id=\"attachment_676\" aria-describedby=\"caption-attachment-676\" style=\"width: 178px\" class=\"wp-caption alignnone\"><img loading=\"lazy\" decoding=\"async\" class=\" wp-image-676\" src=\"http:\/\/www.adaje.ch\/wordpress\/wp-content\/uploads\/2016\/11\/Livre_jardin_evolution-1-249x300.jpg\" alt=\"Livre Jardin de l'\u00e9volution\" width=\"178\" height=\"214\" srcset=\"https:\/\/www.adaje.ch\/wordpress\/wp-content\/uploads\/2016\/11\/Livre_jardin_evolution-1-249x300.jpg 249w, https:\/\/www.adaje.ch\/wordpress\/wp-content\/uploads\/2016\/11\/Livre_jardin_evolution-1.jpg 426w\" sizes=\"auto, (max-width: 178px) 100vw, 178px\" \/><figcaption id=\"caption-attachment-676\" class=\"wp-caption-text\">Livre Jardin de l&rsquo;\u00e9volution<\/figcaption><\/figure>\n<h3>\u00ab\u00a0Le Jardin de l&rsquo;\u00e9volution\u00a0\u00bb, Blaise Mulhauser et J\u00e9r\u00e9my Tritz<\/h3>\n<p>Un livre sur le nouveau jardin de l&rsquo;\u00e9volution du Jardin botanique de Neuch\u00e2tel<\/p>\n<p>Format 25,5 x 20 cm, 176 pages, livre agr\u00e9ment\u00e9 de 200 photographies. Parution en octobre 2016<\/p>\n<p><!--more--><\/p>\n<p>L&rsquo;ouvrage, \u00e0 classer dans la cat\u00e9gorie des \u00ab beaux livres \u00bb, pr\u00e9sente le Jardin de l\u2019\u00e9volution, parcours po\u00e9tique et didactique \u00e0 travers l\u2019\u00e9volution des organismes vivants, qui s\u2019est ouvert en 2015. Deux cents photographies chatoyantes mettent en valeur les plus beaux atours de ce jardin. Elles sont accompagn\u00e9es de textes concis et d\u2019encadr\u00e9s plus d\u00e9taill\u00e9s sur les relations entre les organismes vivants et les conditions environnementales de leur survie.<\/p>\n<p><strong>Prix de souscription pour les membres de l&rsquo;ADAJE: 25 CHF * (prix de vente normal 35 CHF*) *frais d&rsquo;exp\u00e9dition en sus<br \/>\n<\/strong><\/p>\n<p>Il peut \u00eatre achet\u00e9 \u00e0 la Villa du Jardin botanique de Neuch\u00e2tel ou command\u00e9&nbsp;au secr\u00e9tariat du Jardin botanique, par t\u00e9l\u00e9phone au 032 718 23 50 ou par courriel \u00e0 l\u2019adresse jardin.botanique@unine.ch.<\/p>\n","protected":false},"excerpt":{"rendered":"<p>\u00ab\u00a0Le Jardin de l&rsquo;\u00e9volution\u00a0\u00bb, Blaise Mulhauser et J\u00e9r\u00e9my Tritz Un livre sur le nouveau jardin de l&rsquo;\u00e9volution du Jardin botanique de Neuch\u00e2tel Format 25,5 x 20 cm, 176 pages, livre [&hellip;]<\/p>\n","protected":false},"author":5,"featured_media":0,"comment_status":"closed","ping_status":"closed","sticky":false,"template":"","format":"standard","meta":{"ngg_post_thumbnail":0,"_price":"","_stock":"","_tribe_ticket_header":"","_tribe_default_ticket_provider":"","_tribe_ticket_capacity":"","_ticket_start_date":"","_ticket_end_date":"","_tribe_ticket_show_description":"","_tribe_ticket_show_not_going":false,"_tribe_ticket_use_global_stock":"","_tribe_ticket_global_stock_level":"","_global_stock_mode":"","_global_stock_cap":"","_tribe_rsvp_for_event":"","_tribe_ticket_going_count":"","_tribe_ticket_not_going_count":"","_tribe_tickets_list":"[]","_tribe_ticket_has_attendee_info_fields":false,"footnotes":""},"categories":[4],"tags":[],"class_list":["post-668","post","type-post","status-publish","format-standard","hentry","category-activites_du_jardin_botanique"],"_links":{"self":[{"href":"https:\/\/www.adaje.ch\/wordpress\/wp-json\/wp\/v2\/posts\/668","targetHints":{"allow":["GET"]}}],"collection":[{"href":"https:\/\/www.adaje.ch\/wordpress\/wp-json\/wp\/v2\/posts"}],"about":[{"href":"https:\/\/www.adaje.ch\/wordpress\/wp-json\/wp\/v2\/types\/post"}],"author":[{"embeddable":true,"href":"https:\/\/www.adaje.ch\/wordpress\/wp-json\/wp\/v2\/users\/5"}],"replies":[{"embeddable":true,"href":"https:\/\/www.adaje.ch\/wordpress\/wp-json\/wp\/v2\/comments?post=668"}],"version-history":[{"count":4,"href":"https:\/\/www.adaje.ch\/wordpress\/wp-json\/wp\/v2\/posts\/668\/revisions"}],"predecessor-version":[{"id":677,"href":"https:\/\/www.adaje.ch\/wordpress\/wp-json\/wp\/v2\/posts\/668\/revisions\/677"}],"wp:attachment":[{"href":"https:\/\/www.adaje.ch\/wordpress\/wp-json\/wp\/v2\/media?parent=668"}],"wp:term":[{"taxonomy":"category","embeddable":true,"href":"https:\/\/www.adaje.ch\/wordpress\/wp-json\/wp\/v2\/categories?post=668"},{"taxonomy":"post_tag","embeddable":true,"href":"https:\/\/www.adaje.ch\/wordpress\/wp-json\/wp\/v2\/tags?post=668"}],"curies":[{"name":"wp","href":"https:\/\/api.w.org\/{rel}","templated":true}]}}