{"id":640,"date":"2016-09-13T20:49:26","date_gmt":"2016-09-13T19:49:26","guid":{"rendered":"http:\/\/www.adaje.ch\/wordpress\/?p=640"},"modified":"2018-01-15T22:30:38","modified_gmt":"2018-01-15T21:30:38","slug":"fete-dautomne-2016-dimanche-2-octobre-2016","status":"publish","type":"post","link":"https:\/\/www.adaje.ch\/wordpress\/2016\/09\/13\/fete-dautomne-2016-dimanche-2-octobre-2016\/","title":{"rendered":"F\u00eate d\u2019automne 2016 : dimanche 2 octobre 2016"},"content":{"rendered":"<p><img loading=\"lazy\" decoding=\"async\" class=\"spotlight alignnone\" src=\"https:\/\/scontent-frt3-1.xx.fbcdn.net\/v\/t1.0-9\/14333579_712350685583004_2114556529218955163_n.png?oh=b8134cdf77742d209b1b61a9e21b6e3d&amp;oe=588433E0\" alt=\"Affiche_fete_automne_2016\" width=\"243\" height=\"334\"><\/p>\n<p>En plus des stands qui caract\u00e9risent la F\u00eate d\u2019automne, comme la traditionnelle soupe \u00e0 la courge, vous pourrez cette ann\u00e9e&nbsp;:<\/p>\n<ul>\n<li>participer \u00e0 une excursion dans la for\u00eat de l\u2019Ermitage, sous la conduite de Jacques Bovet (d\u00e9part \u00e0 11 h et 14 h du stand de l\u2019ADAJE);<\/li>\n<li>\u00e9couter le chorale Chante Val qui se produira \u00e0 plusieurs reprises&nbsp;;<\/li>\n<li>d\u00e9couvrir les Charac\u00e9es pr\u00e9sent\u00e9es par Otto Sch\u00e4fer, auteur d\u2019un guide illustr\u00e9 sur ce groupe botanique qui se situe entre les algues et les plantes \u00e0 fleurs (rendez-vous au Jardin de l\u2019\u00e9volution).<\/li>\n<\/ul>\n","protected":false},"excerpt":{"rendered":"<p>En plus des stands qui caract\u00e9risent la F\u00eate d\u2019automne, comme la traditionnelle soupe \u00e0 la courge, vous pourrez cette ann\u00e9e&nbsp;: participer \u00e0 une excursion dans la for\u00eat de l\u2019Ermitage, sous [&hellip;]<\/p>\n","protected":false},"author":5,"featured_media":0,"comment_status":"closed","ping_status":"open","sticky":false,"template":"","format":"standard","meta":{"ngg_post_thumbnail":0,"_price":"","_stock":"","_tribe_ticket_header":"","_tribe_default_ticket_provider":"","_tribe_ticket_capacity":"","_ticket_start_date":"","_ticket_end_date":"","_tribe_ticket_show_description":"","_tribe_ticket_show_not_going":false,"_tribe_ticket_use_global_stock":"","_tribe_ticket_global_stock_level":"","_global_stock_mode":"","_global_stock_cap":"","_tribe_rsvp_for_event":"","_tribe_ticket_going_count":"","_tribe_ticket_not_going_count":"","_tribe_tickets_list":"[]","_tribe_ticket_has_attendee_info_fields":false,"footnotes":""},"categories":[3],"tags":[],"class_list":["post-640","post","type-post","status-publish","format-standard","hentry","category-activites_adaje"],"_links":{"self":[{"href":"https:\/\/www.adaje.ch\/wordpress\/wp-json\/wp\/v2\/posts\/640","targetHints":{"allow":["GET"]}}],"collection":[{"href":"https:\/\/www.adaje.ch\/wordpress\/wp-json\/wp\/v2\/posts"}],"about":[{"href":"https:\/\/www.adaje.ch\/wordpress\/wp-json\/wp\/v2\/types\/post"}],"author":[{"embeddable":true,"href":"https:\/\/www.adaje.ch\/wordpress\/wp-json\/wp\/v2\/users\/5"}],"replies":[{"embeddable":true,"href":"https:\/\/www.adaje.ch\/wordpress\/wp-json\/wp\/v2\/comments?post=640"}],"version-history":[{"count":6,"href":"https:\/\/www.adaje.ch\/wordpress\/wp-json\/wp\/v2\/posts\/640\/revisions"}],"predecessor-version":[{"id":787,"href":"https:\/\/www.adaje.ch\/wordpress\/wp-json\/wp\/v2\/posts\/640\/revisions\/787"}],"wp:attachment":[{"href":"https:\/\/www.adaje.ch\/wordpress\/wp-json\/wp\/v2\/media?parent=640"}],"wp:term":[{"taxonomy":"category","embeddable":true,"href":"https:\/\/www.adaje.ch\/wordpress\/wp-json\/wp\/v2\/categories?post=640"},{"taxonomy":"post_tag","embeddable":true,"href":"https:\/\/www.adaje.ch\/wordpress\/wp-json\/wp\/v2\/tags?post=640"}],"curies":[{"name":"wp","href":"https:\/\/api.w.org\/{rel}","templated":true}]}}