{"id":6148,"date":"2025-07-21T18:54:52","date_gmt":"2025-07-21T16:54:52","guid":{"rendered":"https:\/\/www.adaje.ch\/wordpress\/?p=6148"},"modified":"2025-07-21T18:54:52","modified_gmt":"2025-07-21T16:54:52","slug":"quel-futur-pour-les-arbres-en-ville-de-neuchatel","status":"publish","type":"post","link":"https:\/\/www.adaje.ch\/wordpress\/2025\/07\/21\/quel-futur-pour-les-arbres-en-ville-de-neuchatel\/","title":{"rendered":"Quel futur pour les arbres en Ville de Neuch\u00e2tel"},"content":{"rendered":"\n<p class=\"wp-block-paragraph\">L&rsquo;Amuse (soci\u00e9t\u00e9 des ami.es du Mus\u00e9um) et l&rsquo;Adaje (Association des ami.es du jardin botanique) vous propose d\u00e9couvrir la gestion du patrimoine arbor\u00e9 de Neuch\u00e2tel, qui compte 6&rsquo;000 arbres sur le domaine public. Entre plantations, entretien et adaptation au climat, la Ville \u0153uvre pour un cadre de vie agr\u00e9able et la lutte contre les \u00eelots de chaleur. Suivez les sp\u00e9cialistes sur le terrain pour comprendre les enjeux et d\u00e9couvrir quelques projets embl\u00e9matiques.<\/p>\n\n\n\n<p class=\"wp-block-paragraph\">Inscription obligatoire Inscription par courriel aupr\u00e8s des associations respectives. <strong>D\u00e9lai&nbsp;: 15 septembre<\/strong>. Vu le nombre limit\u00e9 de participants (max. 30 personnes), le plus vite est le mieux&nbsp;!<\/p>\n\n\n\n<p class=\"wp-block-paragraph\"><a href=\"mailto:info.museum@ne.ch\"><strong><span style=\"text-decoration: underline;\">info.museum@ne.ch<\/span><\/strong><\/a> et <strong><a href=\"mailto:info@adaje.ch\">info@adaje.ch<\/a><\/strong><\/p>\n\n\n\n<p class=\"wp-block-paragraph\">Rdv devant le Mus\u00e9um d&rsquo;histoire naturelle Neuch\u00e2tel<\/p>\n\n\n\n<p class=\"wp-block-paragraph\">Prix : gratuit<\/p>\n\n\n\n<p class=\"wp-block-paragraph\"><\/p>\n","protected":false},"excerpt":{"rendered":"<p>L&rsquo;Amuse (soci\u00e9t\u00e9 des ami.es du Mus\u00e9um) et l&rsquo;Adaje (Association des ami.es du jardin botanique) vous propose d\u00e9couvrir la gestion du patrimoine arbor\u00e9 de Neuch\u00e2tel, qui compte 6&rsquo;000 arbres sur le [&hellip;]<\/p>\n","protected":false},"author":5,"featured_media":6147,"comment_status":"closed","ping_status":"closed","sticky":false,"template":"","format":"standard","meta":{"ngg_post_thumbnail":0,"_price":"","_stock":"","_tribe_ticket_header":"","_tribe_default_ticket_provider":"","_tribe_ticket_capacity":"","_ticket_start_date":"","_ticket_end_date":"","_tribe_ticket_show_description":"","_tribe_ticket_show_not_going":false,"_tribe_ticket_use_global_stock":"","_tribe_ticket_global_stock_level":"","_global_stock_mode":"","_global_stock_cap":"","_tribe_rsvp_for_event":"","_tribe_ticket_going_count":"","_tribe_ticket_not_going_count":"","_tribe_tickets_list":"[]","_tribe_ticket_has_attendee_info_fields":false,"footnotes":""},"categories":[9,55],"tags":[],"class_list":["post-6148","post","type-post","status-publish","format-standard","has-post-thumbnail","hentry","category-excursions","category-excursions-botaniques-2023"],"_links":{"self":[{"href":"https:\/\/www.adaje.ch\/wordpress\/wp-json\/wp\/v2\/posts\/6148","targetHints":{"allow":["GET"]}}],"collection":[{"href":"https:\/\/www.adaje.ch\/wordpress\/wp-json\/wp\/v2\/posts"}],"about":[{"href":"https:\/\/www.adaje.ch\/wordpress\/wp-json\/wp\/v2\/types\/post"}],"author":[{"embeddable":true,"href":"https:\/\/www.adaje.ch\/wordpress\/wp-json\/wp\/v2\/users\/5"}],"replies":[{"embeddable":true,"href":"https:\/\/www.adaje.ch\/wordpress\/wp-json\/wp\/v2\/comments?post=6148"}],"version-history":[{"count":1,"href":"https:\/\/www.adaje.ch\/wordpress\/wp-json\/wp\/v2\/posts\/6148\/revisions"}],"predecessor-version":[{"id":6149,"href":"https:\/\/www.adaje.ch\/wordpress\/wp-json\/wp\/v2\/posts\/6148\/revisions\/6149"}],"wp:featuredmedia":[{"embeddable":true,"href":"https:\/\/www.adaje.ch\/wordpress\/wp-json\/wp\/v2\/media\/6147"}],"wp:attachment":[{"href":"https:\/\/www.adaje.ch\/wordpress\/wp-json\/wp\/v2\/media?parent=6148"}],"wp:term":[{"taxonomy":"category","embeddable":true,"href":"https:\/\/www.adaje.ch\/wordpress\/wp-json\/wp\/v2\/categories?post=6148"},{"taxonomy":"post_tag","embeddable":true,"href":"https:\/\/www.adaje.ch\/wordpress\/wp-json\/wp\/v2\/tags?post=6148"}],"curies":[{"name":"wp","href":"https:\/\/api.w.org\/{rel}","templated":true}]}}