{"id":6114,"date":"2025-05-23T14:28:26","date_gmt":"2025-05-23T12:28:26","guid":{"rendered":"https:\/\/www.adaje.ch\/wordpress\/?p=6114"},"modified":"2025-05-23T14:28:26","modified_gmt":"2025-05-23T12:28:26","slug":"kene-au-fil-de-linvisible","status":"publish","type":"post","link":"https:\/\/www.adaje.ch\/wordpress\/2025\/05\/23\/kene-au-fil-de-linvisible\/","title":{"rendered":"Ken\u00e9 &#8211; Au fil de l&rsquo;invisible"},"content":{"rendered":"\n<p class=\"has-medium-font-size wp-block-paragraph\">En compl\u00e9ment du salon des arbres mondes, le Jardin botanique de Neuch\u00e2tel propose une exposition sur les textiles cr\u00e9\u00e9s par des artisanes shipibo-konibo de la r\u00e9gion d\u2019Ucayali en Amazonie p\u00e9ruvienne. Appel\u00e9s \u00ab&nbsp;Ken\u00e9&nbsp;\u00bb, les motifs peints ou brod\u00e9s sur ces tissus constituent un langage qui retrace les chemins d\u2019acc\u00e8s vers l\u2019invisible. A la fronti\u00e8re du monde des esprits et de la r\u00e9alit\u00e9 tangible, ces g\u00e9om\u00e9tries sacr\u00e9es mat\u00e9rialisent ce que l\u2019on ne peut voir. Elles racontent aussi les liens subtils qui unissent les artisanes avec la nature et leurs anc\u00eatres. Et, dans cet acte de cr\u00e9ation, les plantes jouent un r\u00f4le d\u00e9terminant \u00e0 chaque \u00e9tape.<\/p>\n\n\n\n<p class=\"has-medium-font-size wp-block-paragraph\">A l&rsquo;occasion de son inauguration, le Jardin botanique et l&rsquo;Association Act of Responsability (ACTOR) vous invite \u00e0 d\u00e9couvrir deux interventions. D\u00e8s&nbsp;<strong>15h30<\/strong>, venez \u00e0 la rencontre de&nbsp;<strong>Rapha\u00eblle Pacaya, peintre d&rsquo;art visionnaire amazonien<\/strong>, qui pr\u00e9sentera des oeuvres o\u00f9 formes, couleurs et g\u00e9om\u00e9tries sont per\u00e7ues dans des \u00e9tats de contemplation m\u00e9ditative. Son intervention sera suivie de&nbsp;<strong>16h15 \u00e0 17h<\/strong>&nbsp;par une plong\u00e9e dans&nbsp;<strong>l&rsquo;univers des soins par le tabac, tel que Jean-Fran\u00e7ois Vandenabeele, gu\u00e9risseur&nbsp;<\/strong><strong>l&rsquo;a appris aux c\u00f4t\u00e9s des ma\u00eetres shipibo<\/strong>. Tous deux \u00e9voqueront l&rsquo;importance des plantes dans leur pratique respective. Ces deux interventions seront suivies par les discours officiels et l&rsquo;ouverture de l&rsquo;exposition&nbsp;<em>Ken\u00e9 &#8211; Au fil de l&rsquo;invisible,<\/em>&nbsp;avec la participation de l&rsquo;Association AmazoNE.<\/p>\n\n\n\n<p class=\"has-medium-font-size wp-block-paragraph\"><strong>24 MAi \u2014 9 NOVEMBRE 2025<\/strong><\/p>\n\n\n\n<p class=\"has-medium-font-size wp-block-paragraph\">Plus d&rsquo;informations sur le site du jardin botanique: <a href=\"https:\/\/www.jbneuchatel.ch\/evenements\/details\/arboles\" target=\"_blank\" rel=\"noreferrer noopener\">www.jbneuchatel.ch<\/a><\/p>\n\n\n\n<p class=\"wp-block-paragraph\"><\/p>\n","protected":false},"excerpt":{"rendered":"<p>En compl\u00e9ment du salon des arbres mondes, le Jardin botanique de Neuch\u00e2tel propose une exposition sur les textiles cr\u00e9\u00e9s par des artisanes shipibo-konibo de la r\u00e9gion d\u2019Ucayali en Amazonie p\u00e9ruvienne. [&hellip;]<\/p>\n","protected":false},"author":5,"featured_media":6115,"comment_status":"closed","ping_status":"closed","sticky":false,"template":"","format":"standard","meta":{"ngg_post_thumbnail":0,"_price":"","_stock":"","_tribe_ticket_header":"","_tribe_default_ticket_provider":"","_tribe_ticket_capacity":"","_ticket_start_date":"","_ticket_end_date":"","_tribe_ticket_show_description":"","_tribe_ticket_show_not_going":false,"_tribe_ticket_use_global_stock":"","_tribe_ticket_global_stock_level":"","_global_stock_mode":"","_global_stock_cap":"","_tribe_rsvp_for_event":"","_tribe_ticket_going_count":"","_tribe_ticket_not_going_count":"","_tribe_tickets_list":"[]","_tribe_ticket_has_attendee_info_fields":false,"footnotes":""},"categories":[3,4,57],"tags":[61],"class_list":["post-6114","post","type-post","status-publish","format-standard","has-post-thumbnail","hentry","category-activites_adaje","category-activites_du_jardin_botanique","category-jardin-botanique","tag-exposition"],"_links":{"self":[{"href":"https:\/\/www.adaje.ch\/wordpress\/wp-json\/wp\/v2\/posts\/6114","targetHints":{"allow":["GET"]}}],"collection":[{"href":"https:\/\/www.adaje.ch\/wordpress\/wp-json\/wp\/v2\/posts"}],"about":[{"href":"https:\/\/www.adaje.ch\/wordpress\/wp-json\/wp\/v2\/types\/post"}],"author":[{"embeddable":true,"href":"https:\/\/www.adaje.ch\/wordpress\/wp-json\/wp\/v2\/users\/5"}],"replies":[{"embeddable":true,"href":"https:\/\/www.adaje.ch\/wordpress\/wp-json\/wp\/v2\/comments?post=6114"}],"version-history":[{"count":1,"href":"https:\/\/www.adaje.ch\/wordpress\/wp-json\/wp\/v2\/posts\/6114\/revisions"}],"predecessor-version":[{"id":6116,"href":"https:\/\/www.adaje.ch\/wordpress\/wp-json\/wp\/v2\/posts\/6114\/revisions\/6116"}],"wp:featuredmedia":[{"embeddable":true,"href":"https:\/\/www.adaje.ch\/wordpress\/wp-json\/wp\/v2\/media\/6115"}],"wp:attachment":[{"href":"https:\/\/www.adaje.ch\/wordpress\/wp-json\/wp\/v2\/media?parent=6114"}],"wp:term":[{"taxonomy":"category","embeddable":true,"href":"https:\/\/www.adaje.ch\/wordpress\/wp-json\/wp\/v2\/categories?post=6114"},{"taxonomy":"post_tag","embeddable":true,"href":"https:\/\/www.adaje.ch\/wordpress\/wp-json\/wp\/v2\/tags?post=6114"}],"curies":[{"name":"wp","href":"https:\/\/api.w.org\/{rel}","templated":true}]}}