{"id":5890,"date":"2025-01-21T19:21:08","date_gmt":"2025-01-21T18:21:08","guid":{"rendered":"https:\/\/www.adaje.ch\/wordpress\/?p=5890"},"modified":"2025-07-21T18:05:30","modified_gmt":"2025-07-21T16:05:30","slug":"excursions-botaniques-2025","status":"publish","type":"post","link":"https:\/\/www.adaje.ch\/wordpress\/2025\/01\/21\/excursions-botaniques-2025\/","title":{"rendered":"Excursions botaniques 2025"},"content":{"rendered":"\n<p class=\"has-medium-font-size wp-block-paragraph\"><strong>Admiration et d\u00e9termination de merveilles<\/strong><\/p>\n\n\n\n<p class=\"wp-block-paragraph\">En nous proposant des excursions botanique, l\u2019ADAJE voudrait nous immerger dans la diversit\u00e9 du monde v\u00e9g\u00e9tal. Les excursions sont anim\u00e9es par une personne form\u00e9e en botanique. Elles permettent aussi de d\u00e9couvrir de beaux paysages et des lieux insolites. <\/p>\n\n\n\n<p class=\"wp-block-paragraph\">L&rsquo;inscription est obligatoire et se fait uniquement par Internet (voir-ci-dessous, en bas de la page). Les excursions sont ouvertes \u00e0 toutes et \u00e0 tous.<\/p>\n\n\n\n<p class=\"has-medium-font-size wp-block-paragraph\"><strong>Programme 2025<\/strong><\/p>\n\n\n\n<p class=\"wp-block-paragraph\"><strong>9. D\u00e9couverte des champignons d\u2019octobre<\/strong>  (cette sortie est compl\u00e8te)<br><strong>Jeudi 16 octobre 2025 (soir\u00e9e),<\/strong> 17h00 \u2013 19h00 environ<br>Une heure de collecte dans la for\u00eat, puis une heure d\u2019observation \u00e0 la maison des jardiniers ou en for\u00eat.<br>Lieu: Vallon de l\u2019Ermitage Rendez-vous: parking du Jardin botanique de Neucha\u0302tel, 17h00 <br>Maximum: 12 personnes <br>Responsable: Franc\u0327ois Frele\u0301choux<\/p>\n\n\n\n<p class=\"wp-block-paragraph\"><strong>10. D\u00e9couvertes des arbres de la for\u00eat et de leurs \u00e9corces<\/strong> (cette sortie est compl\u00e8te)<br>Apprendre \u00e0 reconna\u00eetre les arbres \u00e0 partir de leur \u00e9corce et d\u00e9couvrir la vie en for\u00eat \u00e0 cette p\u00e9riode de l\u2019ann\u00e9e.<br><strong>Samedi 15 novembre 2025<\/strong> (apre\u0300s-midi), 14h00 \u2013 17h00<br>Lieu: Vallon de l\u2019Ermitage Rendez-vous: parking du Jardin botanique de Neuch\u00e2tel, 14h00 <br>Maximum: 12 personnes <br>Responsable: Pascal Junod<\/p>\n\n\n\n<h2 class=\"wp-block-heading\"><strong>Inscription<\/strong><\/h2>\n\n\n\n<p class=\"has-medium-font-size wp-block-paragraph\"><a href=\"http:\/\/adaje.ch\/wordpress\/inscription-a-une-excursion-via-le-site\/\" data-type=\"URL\" data-id=\"adaje.ch\/wordpress\/inscription-a-une-excursion-via-le-site\/\" target=\"_blank\" rel=\"noreferrer noopener\">Formulaire d&rsquo;inscription<\/a>. <\/p>\n\n\n\n<p class=\"wp-block-paragraph\"><strong>Prix de la course (si rien d&rsquo;autre n&rsquo;est indiqu\u00e9<\/strong>)<strong>:<\/strong> CHF 10.- \u00e0 payer sur place; CHF 5.- pour les \u00e9tudiants et \u00e9tudiantes<br>D\u00e9placement en covoiturage: 40 ct\/km<br><strong>Assurance:<\/strong> L\u2019ADAJE d\u00e9cline toute responsabilit\u00e9 en cas d\u2019accident.<br>Les personnes participantes doivent \u00eatre couvertes par leur propre assurance<br>L\u2019utilisation des voitures priv\u00e9es engage l\u2019assurance RC des d\u00e9tentrices et<br>d\u00e9tenteurs ainsi que des conductrices ou conducteurs.<\/p>\n\n\n\n<p class=\"wp-block-paragraph\"><\/p>\n","protected":false},"excerpt":{"rendered":"<p>Admiration et d\u00e9termination de merveilles En nous proposant des excursions botanique, l\u2019ADAJE voudrait nous immerger dans la diversit\u00e9 du monde v\u00e9g\u00e9tal. Les excursions sont anim\u00e9es par une personne form\u00e9e en [&hellip;]<\/p>\n","protected":false},"author":5,"featured_media":5916,"comment_status":"closed","ping_status":"closed","sticky":false,"template":"","format":"standard","meta":{"ngg_post_thumbnail":0,"_price":"","_stock":"","_tribe_ticket_header":"","_tribe_default_ticket_provider":"","_tribe_ticket_capacity":"","_ticket_start_date":"","_ticket_end_date":"","_tribe_ticket_show_description":"","_tribe_ticket_show_not_going":false,"_tribe_ticket_use_global_stock":"","_tribe_ticket_global_stock_level":"","_global_stock_mode":"","_global_stock_cap":"","_tribe_rsvp_for_event":"","_tribe_ticket_going_count":"","_tribe_ticket_not_going_count":"","_tribe_tickets_list":"[]","_tribe_ticket_has_attendee_info_fields":false,"footnotes":""},"categories":[9],"tags":[],"class_list":["post-5890","post","type-post","status-publish","format-standard","has-post-thumbnail","hentry","category-excursions"],"_links":{"self":[{"href":"https:\/\/www.adaje.ch\/wordpress\/wp-json\/wp\/v2\/posts\/5890","targetHints":{"allow":["GET"]}}],"collection":[{"href":"https:\/\/www.adaje.ch\/wordpress\/wp-json\/wp\/v2\/posts"}],"about":[{"href":"https:\/\/www.adaje.ch\/wordpress\/wp-json\/wp\/v2\/types\/post"}],"author":[{"embeddable":true,"href":"https:\/\/www.adaje.ch\/wordpress\/wp-json\/wp\/v2\/users\/5"}],"replies":[{"embeddable":true,"href":"https:\/\/www.adaje.ch\/wordpress\/wp-json\/wp\/v2\/comments?post=5890"}],"version-history":[{"count":11,"href":"https:\/\/www.adaje.ch\/wordpress\/wp-json\/wp\/v2\/posts\/5890\/revisions"}],"predecessor-version":[{"id":6225,"href":"https:\/\/www.adaje.ch\/wordpress\/wp-json\/wp\/v2\/posts\/5890\/revisions\/6225"}],"wp:featuredmedia":[{"embeddable":true,"href":"https:\/\/www.adaje.ch\/wordpress\/wp-json\/wp\/v2\/media\/5916"}],"wp:attachment":[{"href":"https:\/\/www.adaje.ch\/wordpress\/wp-json\/wp\/v2\/media?parent=5890"}],"wp:term":[{"taxonomy":"category","embeddable":true,"href":"https:\/\/www.adaje.ch\/wordpress\/wp-json\/wp\/v2\/categories?post=5890"},{"taxonomy":"post_tag","embeddable":true,"href":"https:\/\/www.adaje.ch\/wordpress\/wp-json\/wp\/v2\/tags?post=5890"}],"curies":[{"name":"wp","href":"https:\/\/api.w.org\/{rel}","templated":true}]}}