{"id":5832,"date":"2025-02-25T15:44:20","date_gmt":"2025-02-25T14:44:20","guid":{"rendered":"https:\/\/www.adaje.ch\/wordpress\/?p=5832"},"modified":"2025-04-12T17:26:59","modified_gmt":"2025-04-12T15:26:59","slug":"a-lombre-du-cacaoyerf","status":"publish","type":"post","link":"https:\/\/www.adaje.ch\/wordpress\/2025\/02\/25\/a-lombre-du-cacaoyerf\/","title":{"rendered":"\u00c1RBOLES &#8211; OEUVRES DE RUBEN PENSA"},"content":{"rendered":"\n<p class=\"has-medium-font-size wp-block-paragraph\">OEUVRES DE RUBEN PENSA<\/p>\n\n\n\n<p class=\"has-medium-font-size wp-block-paragraph\">G\u00e9ants de nos for\u00eats, les arbres nous relient \u00e0 deux mondes le plus souvent inaccessibles ; celui du sol et celui du ciel. Par sa sensibilit\u00e9 \u00ab \u00e0 fleur d\u2019\u00e9corce \u00bb, l\u2019artiste Ruben Pensa rend cette r\u00e9alit\u00e9 plus pr\u00e9gnante \u00e0 nos yeux. L\u2019emploi du noir et des nuances de gris r\u00e9v\u00e8le ces univers entrem\u00eal\u00e9s : racines, feuillages, tronc noueux et roches solidaires. Parfois le rouge s\u2019invite dans l\u2019histoire, rappelant, au travers du feu, le fragile \u00e9quilibre entre ce qui meurt et ce qui lui survit.<\/p>\n\n\n\n<blockquote class=\"wp-block-quote is-layout-flow wp-block-quote-is-layout-flow\">\n<p class=\"has-medium-font-size wp-block-paragraph\">\u00ab Quand j\u2019embrasse un arbre, je sais<br>Je sais que je viens d\u2019embrasser un grand-p\u00e8re, une grand-m\u00e8re Je n\u2019\u00e9coute pas son \u00e2ge<br>J\u2019\u00e9coute son c\u0153ur, la m\u00e9moire de la M\u00e8re Terre \u00bb<\/p>\n<\/blockquote>\n\n\n\n<p class=\"has-medium-font-size wp-block-paragraph\"><strong>9 MARS \u2014 9 NOVEMBRE 2025<\/strong><\/p>\n\n\n\n<figure class=\"wp-block-gallery has-nested-images columns-default is-cropped wp-block-gallery-1 is-layout-flex wp-block-gallery-is-layout-flex\">\n<figure class=\"wp-block-image size-large\"><img loading=\"lazy\" decoding=\"async\" width=\"758\" height=\"1024\" data-id=\"6010\" src=\"https:\/\/www.adaje.ch\/wordpress\/wp-content\/uploads\/2025\/02\/Ruben_28-758x1024.jpg\" alt=\"\" class=\"wp-image-6010\" srcset=\"https:\/\/www.adaje.ch\/wordpress\/wp-content\/uploads\/2025\/02\/Ruben_28-758x1024.jpg 758w, https:\/\/www.adaje.ch\/wordpress\/wp-content\/uploads\/2025\/02\/Ruben_28-222x300.jpg 222w, https:\/\/www.adaje.ch\/wordpress\/wp-content\/uploads\/2025\/02\/Ruben_28-768x1037.jpg 768w, https:\/\/www.adaje.ch\/wordpress\/wp-content\/uploads\/2025\/02\/Ruben_28-1137x1536.jpg 1137w, https:\/\/www.adaje.ch\/wordpress\/wp-content\/uploads\/2025\/02\/Ruben_28-1516x2048.jpg 1516w, https:\/\/www.adaje.ch\/wordpress\/wp-content\/uploads\/2025\/02\/Ruben_28-scaled.jpg 1895w\" sizes=\"auto, (max-width: 758px) 100vw, 758px\" \/><\/figure>\n\n\n\n<figure class=\"wp-block-image size-large\"><img loading=\"lazy\" decoding=\"async\" width=\"757\" height=\"1024\" data-id=\"6009\" src=\"https:\/\/www.adaje.ch\/wordpress\/wp-content\/uploads\/2025\/02\/Ruben_57-757x1024.jpg\" alt=\"\" class=\"wp-image-6009\" srcset=\"https:\/\/www.adaje.ch\/wordpress\/wp-content\/uploads\/2025\/02\/Ruben_57-757x1024.jpg 757w, https:\/\/www.adaje.ch\/wordpress\/wp-content\/uploads\/2025\/02\/Ruben_57-222x300.jpg 222w, https:\/\/www.adaje.ch\/wordpress\/wp-content\/uploads\/2025\/02\/Ruben_57-768x1038.jpg 768w, https:\/\/www.adaje.ch\/wordpress\/wp-content\/uploads\/2025\/02\/Ruben_57-1136x1536.jpg 1136w, https:\/\/www.adaje.ch\/wordpress\/wp-content\/uploads\/2025\/02\/Ruben_57-1515x2048.jpg 1515w, https:\/\/www.adaje.ch\/wordpress\/wp-content\/uploads\/2025\/02\/Ruben_57-scaled.jpg 1893w\" sizes=\"auto, (max-width: 757px) 100vw, 757px\" \/><\/figure>\n\n\n\n\n\n<figure class=\"wp-block-image size-large\"><img loading=\"lazy\" decoding=\"async\" width=\"472\" height=\"355\" data-id=\"6018\" src=\"https:\/\/www.adaje.ch\/wordpress\/wp-content\/uploads\/2025\/02\/Ruben_20-neu.jpg\" alt=\"\" class=\"wp-image-6018\" srcset=\"https:\/\/www.adaje.ch\/wordpress\/wp-content\/uploads\/2025\/02\/Ruben_20-neu.jpg 472w, https:\/\/www.adaje.ch\/wordpress\/wp-content\/uploads\/2025\/02\/Ruben_20-neu-300x226.jpg 300w\" sizes=\"auto, (max-width: 472px) 100vw, 472px\" \/><\/figure>\n<\/figure>\n\n\n\n<p class=\"wp-block-paragraph\">Plus d&rsquo;informations sur le site du jardin botanique: <a href=\"https:\/\/www.jbneuchatel.ch\/evenements\/details\/arboles\" target=\"_blank\" rel=\"noreferrer noopener\">www.jbneuchatel.ch<\/a><\/p>\n\n\n\n<p class=\"wp-block-paragraph\"><\/p>\n","protected":false},"excerpt":{"rendered":"<p>OEUVRES DE RUBEN PENSA G\u00e9ants de nos for\u00eats, les arbres nous relient \u00e0 deux mondes le plus souvent inaccessibles ; celui du sol et celui du ciel. Par sa sensibilit\u00e9 [&hellip;]<\/p>\n","protected":false},"author":5,"featured_media":6019,"comment_status":"closed","ping_status":"closed","sticky":false,"template":"","format":"standard","meta":{"ngg_post_thumbnail":0,"_price":"","_stock":"","_tribe_ticket_header":"","_tribe_default_ticket_provider":"","_tribe_ticket_capacity":"","_ticket_start_date":"","_ticket_end_date":"","_tribe_ticket_show_description":"","_tribe_ticket_show_not_going":false,"_tribe_ticket_use_global_stock":"","_tribe_ticket_global_stock_level":"","_global_stock_mode":"","_global_stock_cap":"","_tribe_rsvp_for_event":"","_tribe_ticket_going_count":"","_tribe_ticket_not_going_count":"","_tribe_tickets_list":"[]","_tribe_ticket_has_attendee_info_fields":false,"footnotes":""},"categories":[3,4,57],"tags":[],"class_list":["post-5832","post","type-post","status-publish","format-standard","has-post-thumbnail","hentry","category-activites_adaje","category-activites_du_jardin_botanique","category-jardin-botanique"],"_links":{"self":[{"href":"https:\/\/www.adaje.ch\/wordpress\/wp-json\/wp\/v2\/posts\/5832","targetHints":{"allow":["GET"]}}],"collection":[{"href":"https:\/\/www.adaje.ch\/wordpress\/wp-json\/wp\/v2\/posts"}],"about":[{"href":"https:\/\/www.adaje.ch\/wordpress\/wp-json\/wp\/v2\/types\/post"}],"author":[{"embeddable":true,"href":"https:\/\/www.adaje.ch\/wordpress\/wp-json\/wp\/v2\/users\/5"}],"replies":[{"embeddable":true,"href":"https:\/\/www.adaje.ch\/wordpress\/wp-json\/wp\/v2\/comments?post=5832"}],"version-history":[{"count":5,"href":"https:\/\/www.adaje.ch\/wordpress\/wp-json\/wp\/v2\/posts\/5832\/revisions"}],"predecessor-version":[{"id":6086,"href":"https:\/\/www.adaje.ch\/wordpress\/wp-json\/wp\/v2\/posts\/5832\/revisions\/6086"}],"wp:featuredmedia":[{"embeddable":true,"href":"https:\/\/www.adaje.ch\/wordpress\/wp-json\/wp\/v2\/media\/6019"}],"wp:attachment":[{"href":"https:\/\/www.adaje.ch\/wordpress\/wp-json\/wp\/v2\/media?parent=5832"}],"wp:term":[{"taxonomy":"category","embeddable":true,"href":"https:\/\/www.adaje.ch\/wordpress\/wp-json\/wp\/v2\/categories?post=5832"},{"taxonomy":"post_tag","embeddable":true,"href":"https:\/\/www.adaje.ch\/wordpress\/wp-json\/wp\/v2\/tags?post=5832"}],"curies":[{"name":"wp","href":"https:\/\/api.w.org\/{rel}","templated":true}]}}