{"id":5770,"date":"2025-02-25T16:01:14","date_gmt":"2025-02-25T15:01:14","guid":{"rendered":"https:\/\/www.adaje.ch\/wordpress\/?p=5770"},"modified":"2025-02-25T16:02:03","modified_gmt":"2025-02-25T15:02:03","slug":"concours-photo","status":"publish","type":"post","link":"https:\/\/www.adaje.ch\/wordpress\/2025\/02\/25\/concours-photo\/","title":{"rendered":"Objectif orchid\u00e9e: Concours photo"},"content":{"rendered":"\n<p class=\"has-medium-font-size wp-block-paragraph\">Participez au nouvel appel citoyen lanc\u00e9 par le Jardin botanique de Neuch\u00e2tel et partagez votre photo d\u2019orchid\u00e9e indig\u00e8ne favorite! Toutes les photos re\u00e7ues seront expos\u00e9es en format original. Les photos laur\u00e9ates seront imprim\u00e9es en grand format et offertes aux photographes apr\u00e8s l\u2019exposition.<\/p>\n\n\n\n<blockquote class=\"wp-block-quote is-layout-flow wp-block-quote-is-layout-flow\">\n<p class=\"has-medium-font-size wp-block-paragraph\"><strong>Ev\u00e8nement de lancement du concours<\/strong><\/p>\n\n\n\n<p class=\"has-medium-font-size wp-block-paragraph\">Excursion botanique \u00e0 la recherche des orchid\u00e9es du Vallon de l\u2019Ermitage<\/p>\n\n\n\n<p class=\"has-medium-font-size wp-block-paragraph\"><strong>Mercredi 21 mai de 18h \u00e0 19h30<\/strong>, Rendez-vous devant la <strong>Villa du Jardin botanique<\/strong> \u00e0 18h00, gratuit.<\/p>\n\n\n\n<p class=\"has-medium-font-size wp-block-paragraph\"><em>La pr\u00e9sence \u00e0 cette balade n\u2019est pas obligatoire pour participer au concours.<\/em><\/p>\n<\/blockquote>\n\n\n\n<p class=\"has-medium-font-size wp-block-paragraph\">Vous trouverez toutes les informations sur le concours dans ce flyer: <a href=\"http:\/\/www.adaje.ch\/wordpress\/wp-content\/uploads\/2025\/02\/Flyer_concours_orchidee-1.pdf\" target=\"_blank\" rel=\"noreferrer noopener\">Concours photo<\/a><\/p>\n\n\n\n<figure class=\"wp-block-image size-medium\"><img loading=\"lazy\" decoding=\"async\" width=\"150\" height=\"300\" src=\"https:\/\/www.adaje.ch\/wordpress\/wp-content\/uploads\/2024\/08\/Orchis_pyramidal-150x300.jpg\" alt=\"\" class=\"wp-image-6024\" srcset=\"https:\/\/www.adaje.ch\/wordpress\/wp-content\/uploads\/2024\/08\/Orchis_pyramidal-150x300.jpg 150w, https:\/\/www.adaje.ch\/wordpress\/wp-content\/uploads\/2024\/08\/Orchis_pyramidal-511x1024.jpg 511w, https:\/\/www.adaje.ch\/wordpress\/wp-content\/uploads\/2024\/08\/Orchis_pyramidal-768x1539.jpg 768w, https:\/\/www.adaje.ch\/wordpress\/wp-content\/uploads\/2024\/08\/Orchis_pyramidal-767x1536.jpg 767w, https:\/\/www.adaje.ch\/wordpress\/wp-content\/uploads\/2024\/08\/Orchis_pyramidal-1022x2048.jpg 1022w, https:\/\/www.adaje.ch\/wordpress\/wp-content\/uploads\/2024\/08\/Orchis_pyramidal.jpg 1181w\" sizes=\"auto, (max-width: 150px) 100vw, 150px\" \/><\/figure>\n\n\n\n<p class=\"wp-block-paragraph\"><\/p>\n","protected":false},"excerpt":{"rendered":"<p>Participez au nouvel appel citoyen lanc\u00e9 par le Jardin botanique de Neuch\u00e2tel et partagez votre photo d\u2019orchid\u00e9e indig\u00e8ne favorite! Toutes les photos re\u00e7ues seront expos\u00e9es en format original. Les photos [&hellip;]<\/p>\n","protected":false},"author":5,"featured_media":6006,"comment_status":"closed","ping_status":"closed","sticky":false,"template":"","format":"standard","meta":{"ngg_post_thumbnail":0,"_price":"","_stock":"","_tribe_ticket_header":"","_tribe_default_ticket_provider":"","_tribe_ticket_capacity":"","_ticket_start_date":"","_ticket_end_date":"","_tribe_ticket_show_description":"","_tribe_ticket_show_not_going":false,"_tribe_ticket_use_global_stock":"","_tribe_ticket_global_stock_level":"","_global_stock_mode":"","_global_stock_cap":"","_tribe_rsvp_for_event":"","_tribe_ticket_going_count":"","_tribe_ticket_not_going_count":"","_tribe_tickets_list":"[]","_tribe_ticket_has_attendee_info_fields":false,"footnotes":""},"categories":[9,55],"tags":[],"class_list":["post-5770","post","type-post","status-publish","format-standard","has-post-thumbnail","hentry","category-excursions","category-excursions-botaniques-2023"],"_links":{"self":[{"href":"https:\/\/www.adaje.ch\/wordpress\/wp-json\/wp\/v2\/posts\/5770","targetHints":{"allow":["GET"]}}],"collection":[{"href":"https:\/\/www.adaje.ch\/wordpress\/wp-json\/wp\/v2\/posts"}],"about":[{"href":"https:\/\/www.adaje.ch\/wordpress\/wp-json\/wp\/v2\/types\/post"}],"author":[{"embeddable":true,"href":"https:\/\/www.adaje.ch\/wordpress\/wp-json\/wp\/v2\/users\/5"}],"replies":[{"embeddable":true,"href":"https:\/\/www.adaje.ch\/wordpress\/wp-json\/wp\/v2\/comments?post=5770"}],"version-history":[{"count":5,"href":"https:\/\/www.adaje.ch\/wordpress\/wp-json\/wp\/v2\/posts\/5770\/revisions"}],"predecessor-version":[{"id":6027,"href":"https:\/\/www.adaje.ch\/wordpress\/wp-json\/wp\/v2\/posts\/5770\/revisions\/6027"}],"wp:featuredmedia":[{"embeddable":true,"href":"https:\/\/www.adaje.ch\/wordpress\/wp-json\/wp\/v2\/media\/6006"}],"wp:attachment":[{"href":"https:\/\/www.adaje.ch\/wordpress\/wp-json\/wp\/v2\/media?parent=5770"}],"wp:term":[{"taxonomy":"category","embeddable":true,"href":"https:\/\/www.adaje.ch\/wordpress\/wp-json\/wp\/v2\/categories?post=5770"},{"taxonomy":"post_tag","embeddable":true,"href":"https:\/\/www.adaje.ch\/wordpress\/wp-json\/wp\/v2\/tags?post=5770"}],"curies":[{"name":"wp","href":"https:\/\/api.w.org\/{rel}","templated":true}]}}