{"id":478,"date":"2016-05-01T10:51:32","date_gmt":"2016-05-01T09:51:32","guid":{"rendered":"http:\/\/lisajoly.myhostpoint.ch\/?p=478"},"modified":"2016-05-01T11:20:06","modified_gmt":"2016-05-01T10:20:06","slug":"assemblee-generale-2016","status":"publish","type":"post","link":"https:\/\/www.adaje.ch\/wordpress\/2016\/05\/01\/assemblee-generale-2016\/","title":{"rendered":"Assembl\u00e9e g\u00e9n\u00e9rale 2016"},"content":{"rendered":"<p>L&rsquo;Assembl\u00e9e g\u00e9n\u00e9rale 2016 a eu lieu le 9 mars 2016 et a \u00e9t\u00e9 suivie d&rsquo;un expos\u00e9 intitul\u00e9 \u00ab Le martinet noir, un fascinant h\u00f4te d\u2019\u00e9t\u00e9 \u00bb de\u00a0Marcel S. Jacquat, Conservateur honoraire du Mus\u00e9e d\u2019histoire naturelle de La Chaux-de-Fonds.<\/p>\n<p><a href=\"http:\/\/www.adaje.ch\/wordpress\/wp-content\/uploads\/2016\/05\/PV-AG-2016_20160309.pdf\">Proc\u00e8s verbal AG 2016<\/a><\/p>\n","protected":false},"excerpt":{"rendered":"<p>L&rsquo;Assembl\u00e9e g\u00e9n\u00e9rale 2016 a eu lieu le 9 mars 2016 et a \u00e9t\u00e9 suivie d&rsquo;un expos\u00e9 intitul\u00e9 \u00ab Le martinet noir, un fascinant h\u00f4te d\u2019\u00e9t\u00e9 \u00bb de\u00a0Marcel S. Jacquat, Conservateur [&hellip;]<\/p>\n","protected":false},"author":5,"featured_media":0,"comment_status":"closed","ping_status":"closed","sticky":false,"template":"","format":"standard","meta":{"ngg_post_thumbnail":0,"_price":"","_stock":"","_tribe_ticket_header":"","_tribe_default_ticket_provider":"","_tribe_ticket_capacity":"","_ticket_start_date":"","_ticket_end_date":"","_tribe_ticket_show_description":"","_tribe_ticket_show_not_going":false,"_tribe_ticket_use_global_stock":"","_tribe_ticket_global_stock_level":"","_global_stock_mode":"","_global_stock_cap":"","_tribe_rsvp_for_event":"","_tribe_ticket_going_count":"","_tribe_ticket_not_going_count":"","_tribe_tickets_list":"[]","_tribe_ticket_has_attendee_info_fields":false,"footnotes":""},"categories":[5],"tags":[],"class_list":["post-478","post","type-post","status-publish","format-standard","hentry","category-association"],"_links":{"self":[{"href":"https:\/\/www.adaje.ch\/wordpress\/wp-json\/wp\/v2\/posts\/478","targetHints":{"allow":["GET"]}}],"collection":[{"href":"https:\/\/www.adaje.ch\/wordpress\/wp-json\/wp\/v2\/posts"}],"about":[{"href":"https:\/\/www.adaje.ch\/wordpress\/wp-json\/wp\/v2\/types\/post"}],"author":[{"embeddable":true,"href":"https:\/\/www.adaje.ch\/wordpress\/wp-json\/wp\/v2\/users\/5"}],"replies":[{"embeddable":true,"href":"https:\/\/www.adaje.ch\/wordpress\/wp-json\/wp\/v2\/comments?post=478"}],"version-history":[{"count":4,"href":"https:\/\/www.adaje.ch\/wordpress\/wp-json\/wp\/v2\/posts\/478\/revisions"}],"predecessor-version":[{"id":594,"href":"https:\/\/www.adaje.ch\/wordpress\/wp-json\/wp\/v2\/posts\/478\/revisions\/594"}],"wp:attachment":[{"href":"https:\/\/www.adaje.ch\/wordpress\/wp-json\/wp\/v2\/media?parent=478"}],"wp:term":[{"taxonomy":"category","embeddable":true,"href":"https:\/\/www.adaje.ch\/wordpress\/wp-json\/wp\/v2\/categories?post=478"},{"taxonomy":"post_tag","embeddable":true,"href":"https:\/\/www.adaje.ch\/wordpress\/wp-json\/wp\/v2\/tags?post=478"}],"curies":[{"name":"wp","href":"https:\/\/api.w.org\/{rel}","templated":true}]}}