{"id":4233,"date":"2023-06-08T16:37:02","date_gmt":"2023-06-08T14:37:02","guid":{"rendered":"https:\/\/www.adaje.ch\/wordpress\/?p=4233"},"modified":"2024-11-25T20:56:56","modified_gmt":"2024-11-25T19:56:56","slug":"journal-des-vivants-no-185","status":"publish","type":"post","link":"https:\/\/www.adaje.ch\/wordpress\/2023\/06\/08\/journal-des-vivants-no-185\/","title":{"rendered":"Journal des vivants No 185"},"content":{"rendered":"\n<p class=\"has-large-font-size wp-block-paragraph\"><strong>Le bois de Sainte-Lucie No 185<\/strong><\/p>\n\n\n\n<p class=\"wp-block-paragraph\">Prunus mahaleb<br>Jardin botanique de Neuch\u00e2tel (NE), le 16 04 2023<br>Texte et photos : Elisabeth Pastor<\/p>\n\n\n\n<p class=\"wp-block-paragraph\">Le bois de Sainte-Lucie ou merisier odorant (famille des ROSACEES), se couvre au printemps de jolies petites fleurs blanches, parfum\u00e9es et dispos\u00e9es en petits corymbes dress\u00e9s de 4-8 fleurs. Cet arbuste ressemble un peu au prunelier, mais contrairement \u00e0 ce dernier dont les fleurs s\u2019\u00e9panouissent avant les feuilles, les fleurs du bois de Sainte Lucie, apparaissent en m\u00eame temps que les feuilles. Les feuilles sont aussi reconnaissables. Elles sont denticul\u00e9es et souvent pli\u00e9es sur la nervure m\u00e9diane.<br><\/p>\n\n\n\n<figure class=\"wp-block-gallery has-nested-images columns-default is-cropped wp-block-gallery-1 is-layout-flex wp-block-gallery-is-layout-flex\">\n<figure class=\"wp-block-image size-large\"><img loading=\"lazy\" decoding=\"async\" width=\"400\" height=\"300\" data-id=\"4240\" src=\"https:\/\/www.adaje.ch\/wordpress\/wp-content\/uploads\/2023\/06\/saint-lucie.jpg\" alt=\"\" class=\"wp-image-4240\" srcset=\"https:\/\/www.adaje.ch\/wordpress\/wp-content\/uploads\/2023\/06\/saint-lucie.jpg 400w, https:\/\/www.adaje.ch\/wordpress\/wp-content\/uploads\/2023\/06\/saint-lucie-300x225.jpg 300w\" sizes=\"auto, (max-width: 400px) 100vw, 400px\" \/><\/figure>\n\n\n\n<figure class=\"wp-block-image size-large\"><img loading=\"lazy\" decoding=\"async\" width=\"1024\" height=\"952\" data-id=\"4239\" src=\"https:\/\/www.adaje.ch\/wordpress\/wp-content\/uploads\/2023\/06\/20230416_124852-1024x952.jpg\" alt=\"\" class=\"wp-image-4239\" srcset=\"https:\/\/www.adaje.ch\/wordpress\/wp-content\/uploads\/2023\/06\/20230416_124852-1024x952.jpg 1024w, https:\/\/www.adaje.ch\/wordpress\/wp-content\/uploads\/2023\/06\/20230416_124852-300x279.jpg 300w, https:\/\/www.adaje.ch\/wordpress\/wp-content\/uploads\/2023\/06\/20230416_124852-768x714.jpg 768w, https:\/\/www.adaje.ch\/wordpress\/wp-content\/uploads\/2023\/06\/20230416_124852-1536x1428.jpg 1536w, https:\/\/www.adaje.ch\/wordpress\/wp-content\/uploads\/2023\/06\/20230416_124852-2048x1903.jpg 2048w\" sizes=\"auto, (max-width: 1024px) 100vw, 1024px\" \/><\/figure>\n\n\n\n<figure class=\"wp-block-image size-large\"><img loading=\"lazy\" decoding=\"async\" width=\"1024\" height=\"1024\" data-id=\"4237\" src=\"https:\/\/www.adaje.ch\/wordpress\/wp-content\/uploads\/2023\/06\/20230416_125042-1024x1024.jpg\" alt=\"\" class=\"wp-image-4237\" srcset=\"https:\/\/www.adaje.ch\/wordpress\/wp-content\/uploads\/2023\/06\/20230416_125042-1024x1024.jpg 1024w, https:\/\/www.adaje.ch\/wordpress\/wp-content\/uploads\/2023\/06\/20230416_125042-300x300.jpg 300w, https:\/\/www.adaje.ch\/wordpress\/wp-content\/uploads\/2023\/06\/20230416_125042-150x150.jpg 150w, https:\/\/www.adaje.ch\/wordpress\/wp-content\/uploads\/2023\/06\/20230416_125042-768x768.jpg 768w, https:\/\/www.adaje.ch\/wordpress\/wp-content\/uploads\/2023\/06\/20230416_125042-1536x1536.jpg 1536w, https:\/\/www.adaje.ch\/wordpress\/wp-content\/uploads\/2023\/06\/20230416_125042-2048x2048.jpg 2048w\" sizes=\"auto, (max-width: 1024px) 100vw, 1024px\" \/><\/figure>\n<\/figure>\n","protected":false},"excerpt":{"rendered":"<p>Le bois de Sainte-Lucie No 185 Prunus mahalebJardin botanique de Neuch\u00e2tel (NE), le 16 04 2023Texte et photos : Elisabeth Pastor Le bois de Sainte-Lucie ou merisier odorant (famille des [&hellip;]<\/p>\n","protected":false},"author":5,"featured_media":4240,"comment_status":"closed","ping_status":"closed","sticky":false,"template":"","format":"standard","meta":{"ngg_post_thumbnail":0,"_price":"","_stock":"","_tribe_ticket_header":"","_tribe_default_ticket_provider":"","_tribe_ticket_capacity":"","_ticket_start_date":"","_ticket_end_date":"","_tribe_ticket_show_description":"","_tribe_ticket_show_not_going":false,"_tribe_ticket_use_global_stock":"","_tribe_ticket_global_stock_level":"","_global_stock_mode":"","_global_stock_cap":"","_tribe_rsvp_for_event":"","_tribe_ticket_going_count":"","_tribe_ticket_not_going_count":"","_tribe_tickets_list":"[]","_tribe_ticket_has_attendee_info_fields":false,"footnotes":""},"categories":[53],"tags":[],"class_list":["post-4233","post","type-post","status-publish","format-standard","has-post-thumbnail","hentry","category-journal-des-vivantes"],"_links":{"self":[{"href":"https:\/\/www.adaje.ch\/wordpress\/wp-json\/wp\/v2\/posts\/4233","targetHints":{"allow":["GET"]}}],"collection":[{"href":"https:\/\/www.adaje.ch\/wordpress\/wp-json\/wp\/v2\/posts"}],"about":[{"href":"https:\/\/www.adaje.ch\/wordpress\/wp-json\/wp\/v2\/types\/post"}],"author":[{"embeddable":true,"href":"https:\/\/www.adaje.ch\/wordpress\/wp-json\/wp\/v2\/users\/5"}],"replies":[{"embeddable":true,"href":"https:\/\/www.adaje.ch\/wordpress\/wp-json\/wp\/v2\/comments?post=4233"}],"version-history":[{"count":6,"href":"https:\/\/www.adaje.ch\/wordpress\/wp-json\/wp\/v2\/posts\/4233\/revisions"}],"predecessor-version":[{"id":5864,"href":"https:\/\/www.adaje.ch\/wordpress\/wp-json\/wp\/v2\/posts\/4233\/revisions\/5864"}],"wp:featuredmedia":[{"embeddable":true,"href":"https:\/\/www.adaje.ch\/wordpress\/wp-json\/wp\/v2\/media\/4240"}],"wp:attachment":[{"href":"https:\/\/www.adaje.ch\/wordpress\/wp-json\/wp\/v2\/media?parent=4233"}],"wp:term":[{"taxonomy":"category","embeddable":true,"href":"https:\/\/www.adaje.ch\/wordpress\/wp-json\/wp\/v2\/categories?post=4233"},{"taxonomy":"post_tag","embeddable":true,"href":"https:\/\/www.adaje.ch\/wordpress\/wp-json\/wp\/v2\/tags?post=4233"}],"curies":[{"name":"wp","href":"https:\/\/api.w.org\/{rel}","templated":true}]}}