{"id":4140,"date":"2023-05-22T20:14:42","date_gmt":"2023-05-22T18:14:42","guid":{"rendered":"https:\/\/www.adaje.ch\/wordpress\/?p=4140"},"modified":"2023-05-22T20:14:42","modified_gmt":"2023-05-22T18:14:42","slug":"journal-des-vivants-no-175","status":"publish","type":"post","link":"https:\/\/www.adaje.ch\/wordpress\/2023\/05\/22\/journal-des-vivants-no-175\/","title":{"rendered":"Journal des vivants No 175"},"content":{"rendered":"\n<p class=\"has-large-font-size wp-block-paragraph\"><strong>L\u2019orchis bouc<\/strong><\/p>\n\n\n\n<p class=\"wp-block-paragraph\">Himantoglossum hircinum, <br>Chemin des Quatre-Ministraux, Neuch\u00e2tel, le 03 05 2023<br>Photo: Jean-Fred Erard<\/p>\n\n\n\n<p class=\"wp-block-paragraph\">Cet orchis, appel\u00e9 aussi himantoglosse \u00e0 odeur de bouc fait partie de la famille des ORCHIDACEES. Cette plante poss\u00e8de de nombreuses feuilles d&rsquo;un vert gris\u00e2tre qui apparaissent en automne, persistent l&rsquo;hiver puis se fl\u00e9trissent \u00e0 la floraison. Les fleurs verd\u00e2tres sont bord\u00e9es de pourpre. Les s\u00e9pales et p\u00e9tales sont rassembl\u00e9s en casque et le labelle (p\u00e9tale inf\u00e9rieur des orchid\u00e9es) tr\u00e8s allong\u00e9 est plus ou moins d\u00e9ploy\u00e9 \u00e0 l&rsquo;horizontale \u00e0 la floraison. Lorsque l\u2019on s\u2019approche de la fleur, on peut sentir l\u2019odeur marqu\u00e9e, proche de celle du bouc, caract\u00e9ristique de cette plante.<\/p>\n","protected":false},"excerpt":{"rendered":"<p>L\u2019orchis bouc Himantoglossum hircinum, Chemin des Quatre-Ministraux, Neuch\u00e2tel, le 03 05 2023Photo: Jean-Fred Erard Cet orchis, appel\u00e9 aussi himantoglosse \u00e0 odeur de bouc fait partie de la famille des ORCHIDACEES. [&hellip;]<\/p>\n","protected":false},"author":5,"featured_media":4141,"comment_status":"closed","ping_status":"closed","sticky":false,"template":"","format":"standard","meta":{"ngg_post_thumbnail":0,"_price":"","_stock":"","_tribe_ticket_header":"","_tribe_default_ticket_provider":"","_tribe_ticket_capacity":"","_ticket_start_date":"","_ticket_end_date":"","_tribe_ticket_show_description":"","_tribe_ticket_show_not_going":false,"_tribe_ticket_use_global_stock":"","_tribe_ticket_global_stock_level":"","_global_stock_mode":"","_global_stock_cap":"","_tribe_rsvp_for_event":"","_tribe_ticket_going_count":"","_tribe_ticket_not_going_count":"","_tribe_tickets_list":"[]","_tribe_ticket_has_attendee_info_fields":false,"footnotes":""},"categories":[53],"tags":[],"class_list":["post-4140","post","type-post","status-publish","format-standard","has-post-thumbnail","hentry","category-journal-des-vivantes"],"_links":{"self":[{"href":"https:\/\/www.adaje.ch\/wordpress\/wp-json\/wp\/v2\/posts\/4140","targetHints":{"allow":["GET"]}}],"collection":[{"href":"https:\/\/www.adaje.ch\/wordpress\/wp-json\/wp\/v2\/posts"}],"about":[{"href":"https:\/\/www.adaje.ch\/wordpress\/wp-json\/wp\/v2\/types\/post"}],"author":[{"embeddable":true,"href":"https:\/\/www.adaje.ch\/wordpress\/wp-json\/wp\/v2\/users\/5"}],"replies":[{"embeddable":true,"href":"https:\/\/www.adaje.ch\/wordpress\/wp-json\/wp\/v2\/comments?post=4140"}],"version-history":[{"count":1,"href":"https:\/\/www.adaje.ch\/wordpress\/wp-json\/wp\/v2\/posts\/4140\/revisions"}],"predecessor-version":[{"id":4142,"href":"https:\/\/www.adaje.ch\/wordpress\/wp-json\/wp\/v2\/posts\/4140\/revisions\/4142"}],"wp:featuredmedia":[{"embeddable":true,"href":"https:\/\/www.adaje.ch\/wordpress\/wp-json\/wp\/v2\/media\/4141"}],"wp:attachment":[{"href":"https:\/\/www.adaje.ch\/wordpress\/wp-json\/wp\/v2\/media?parent=4140"}],"wp:term":[{"taxonomy":"category","embeddable":true,"href":"https:\/\/www.adaje.ch\/wordpress\/wp-json\/wp\/v2\/categories?post=4140"},{"taxonomy":"post_tag","embeddable":true,"href":"https:\/\/www.adaje.ch\/wordpress\/wp-json\/wp\/v2\/tags?post=4140"}],"curies":[{"name":"wp","href":"https:\/\/api.w.org\/{rel}","templated":true}]}}