{"id":4130,"date":"2023-05-22T19:32:42","date_gmt":"2023-05-22T17:32:42","guid":{"rendered":"https:\/\/www.adaje.ch\/wordpress\/?p=4130"},"modified":"2023-06-09T16:37:39","modified_gmt":"2023-06-09T14:37:39","slug":"journal-des-vivants-no-176","status":"publish","type":"post","link":"https:\/\/www.adaje.ch\/wordpress\/2023\/05\/22\/journal-des-vivants-no-176\/","title":{"rendered":"Journal des vivants No 176"},"content":{"rendered":"\n<p class=\"has-large-font-size wp-block-paragraph\"><strong>L\u2019orchis singe<\/strong><\/p>\n\n\n\n<p class=\"wp-block-paragraph\">Orchis simia, <br>Chambrelien (NE), le 17 05 2023<br>Photo: Jean-Fred Erard<\/p>\n\n\n\n<p class=\"wp-block-paragraph\">L&rsquo;orchis singe fait partie de la famille des ORCHIDACEES. Cette orchis est reconnaissable \u00e0 sa floraison invers\u00e9e: les fleurs du sommet de l&rsquo;inflorescence s&rsquo;ouvrent en effet avant celles de la base. Le labelle (p\u00e9tale inf\u00e9rieur des orchid\u00e9es) est fortement trilob\u00e9. Le lobe m\u00e9dian est divis\u00e9 encore en deux lobes<br>fins semblables aux lobes lat\u00e9raux.<\/p>\n","protected":false},"excerpt":{"rendered":"<p>L\u2019orchis singe Orchis simia, Chambrelien (NE), le 17 05 2023Photo: Jean-Fred Erard L&rsquo;orchis singe fait partie de la famille des ORCHIDACEES. Cette orchis est reconnaissable \u00e0 sa floraison invers\u00e9e: les [&hellip;]<\/p>\n","protected":false},"author":5,"featured_media":4132,"comment_status":"closed","ping_status":"closed","sticky":false,"template":"","format":"standard","meta":{"ngg_post_thumbnail":0,"_price":"","_stock":"","_tribe_ticket_header":"","_tribe_default_ticket_provider":"","_tribe_ticket_capacity":"","_ticket_start_date":"","_ticket_end_date":"","_tribe_ticket_show_description":"","_tribe_ticket_show_not_going":false,"_tribe_ticket_use_global_stock":"","_tribe_ticket_global_stock_level":"","_global_stock_mode":"","_global_stock_cap":"","_tribe_rsvp_for_event":"","_tribe_ticket_going_count":"","_tribe_ticket_not_going_count":"","_tribe_tickets_list":"[]","_tribe_ticket_has_attendee_info_fields":false,"footnotes":""},"categories":[53],"tags":[],"class_list":["post-4130","post","type-post","status-publish","format-standard","has-post-thumbnail","hentry","category-journal-des-vivantes"],"_links":{"self":[{"href":"https:\/\/www.adaje.ch\/wordpress\/wp-json\/wp\/v2\/posts\/4130","targetHints":{"allow":["GET"]}}],"collection":[{"href":"https:\/\/www.adaje.ch\/wordpress\/wp-json\/wp\/v2\/posts"}],"about":[{"href":"https:\/\/www.adaje.ch\/wordpress\/wp-json\/wp\/v2\/types\/post"}],"author":[{"embeddable":true,"href":"https:\/\/www.adaje.ch\/wordpress\/wp-json\/wp\/v2\/users\/5"}],"replies":[{"embeddable":true,"href":"https:\/\/www.adaje.ch\/wordpress\/wp-json\/wp\/v2\/comments?post=4130"}],"version-history":[{"count":7,"href":"https:\/\/www.adaje.ch\/wordpress\/wp-json\/wp\/v2\/posts\/4130\/revisions"}],"predecessor-version":[{"id":4139,"href":"https:\/\/www.adaje.ch\/wordpress\/wp-json\/wp\/v2\/posts\/4130\/revisions\/4139"}],"wp:featuredmedia":[{"embeddable":true,"href":"https:\/\/www.adaje.ch\/wordpress\/wp-json\/wp\/v2\/media\/4132"}],"wp:attachment":[{"href":"https:\/\/www.adaje.ch\/wordpress\/wp-json\/wp\/v2\/media?parent=4130"}],"wp:term":[{"taxonomy":"category","embeddable":true,"href":"https:\/\/www.adaje.ch\/wordpress\/wp-json\/wp\/v2\/categories?post=4130"},{"taxonomy":"post_tag","embeddable":true,"href":"https:\/\/www.adaje.ch\/wordpress\/wp-json\/wp\/v2\/tags?post=4130"}],"curies":[{"name":"wp","href":"https:\/\/api.w.org\/{rel}","templated":true}]}}