{"id":3882,"date":"2023-03-26T19:53:23","date_gmt":"2023-03-26T17:53:23","guid":{"rendered":"https:\/\/www.adaje.ch\/wordpress\/?p=3882"},"modified":"2023-03-26T19:53:23","modified_gmt":"2023-03-26T17:53:23","slug":"lermite-herbu-no-65","status":"publish","type":"post","link":"https:\/\/www.adaje.ch\/wordpress\/2023\/03\/26\/lermite-herbu-no-65\/","title":{"rendered":"L\u2019Ermite herbu No 65"},"content":{"rendered":"\n<p class=\"wp-block-paragraph\"><strong>Septembre 2022<\/strong><\/p>\n\n\n\n<blockquote class=\"wp-block-quote is-layout-flow wp-block-quote-is-layout-flow\">\n<p class=\"wp-block-paragraph\"><strong>Les membres de l\u2019ADAJE ont re\u00e7u ce num\u00e9ro en format papier; les autres personnes int\u00e9ress\u00e9es peuvent l\u2019acheter au kiosque du Jardin botanique.<\/strong><\/p>\n\n\n\n<p class=\"wp-block-paragraph\">R\u00e9dactrice: Fabienne Montandon<\/p>\n<\/blockquote>\n\n\n\n<p class=\"wp-block-paragraph\"><strong>Sommaire<\/strong><br><br>\u00c9ditorial, Georges de Montmollin<br><br>David Perriard, Une histoire de coton<br><br>Fran\u00e7ois Frel\u00e9choux, Le Chilpen, une superbe prairie s\u00e8che et maigre qui vaut le d\u00e9tour \u2013 sortie de l\u2019ADAJE du 23 avril 2022<br><br>\u00c9lisabeth Pastor, D\u00e9couverte des plantes printani\u00e8res pour d\u00e9butantes et d\u00e9butants \u2013 sortie de l\u2019ADAJE du 9 avril 2022<br><br>\u00c9ric Grossenbacher, L\u2019Edelweiss, un symbole de la flore alpine<br><br>Anne-Laure Maire, Index seminum<br><br>Elisabeth Pastor, Compte-rendu de l\u2019Assembl\u00e9e g\u00e9n\u00e9rale de 2022<br><br>Francis Grandchamp, Clin d\u2019oeil photographique<\/p>\n\n\n\n<p class=\"wp-block-paragraph\">T\u00e9o Valentino, Pr\u00e9sentation du livre Flora vegetativa, \u00e9ditions Rossolis<\/p>\n\n\n\n<p class=\"wp-block-paragraph\">Michel Blant, Un visiteur inattendu<\/p>\n\n\n\n<p class=\"wp-block-paragraph\">Jacques Bovet, Clin d\u2019oeil de l\u2019Ermite<\/p>\n\n\n\n<blockquote class=\"wp-block-quote is-layout-flow wp-block-quote-is-layout-flow\">\n<p class=\"wp-block-paragraph\"><\/p>\n<\/blockquote>\n","protected":false},"excerpt":{"rendered":"<p>Septembre 2022 Les membres de l\u2019ADAJE ont re\u00e7u ce num\u00e9ro en format papier; les autres personnes int\u00e9ress\u00e9es peuvent l\u2019acheter au kiosque du Jardin botanique. R\u00e9dactrice: Fabienne Montandon Sommaire \u00c9ditorial, Georges [&hellip;]<\/p>\n","protected":false},"author":5,"featured_media":3883,"comment_status":"closed","ping_status":"closed","sticky":false,"template":"","format":"standard","meta":{"ngg_post_thumbnail":0,"_price":"","_stock":"","_tribe_ticket_header":"","_tribe_default_ticket_provider":"","_tribe_ticket_capacity":"","_ticket_start_date":"","_ticket_end_date":"","_tribe_ticket_show_description":"","_tribe_ticket_show_not_going":false,"_tribe_ticket_use_global_stock":"","_tribe_ticket_global_stock_level":"","_global_stock_mode":"","_global_stock_cap":"","_tribe_rsvp_for_event":"","_tribe_ticket_going_count":"","_tribe_ticket_not_going_count":"","_tribe_tickets_list":"[]","_tribe_ticket_has_attendee_info_fields":false,"footnotes":""},"categories":[8],"tags":[],"class_list":["post-3882","post","type-post","status-publish","format-standard","has-post-thumbnail","hentry","category-ermite-herbu"],"_links":{"self":[{"href":"https:\/\/www.adaje.ch\/wordpress\/wp-json\/wp\/v2\/posts\/3882","targetHints":{"allow":["GET"]}}],"collection":[{"href":"https:\/\/www.adaje.ch\/wordpress\/wp-json\/wp\/v2\/posts"}],"about":[{"href":"https:\/\/www.adaje.ch\/wordpress\/wp-json\/wp\/v2\/types\/post"}],"author":[{"embeddable":true,"href":"https:\/\/www.adaje.ch\/wordpress\/wp-json\/wp\/v2\/users\/5"}],"replies":[{"embeddable":true,"href":"https:\/\/www.adaje.ch\/wordpress\/wp-json\/wp\/v2\/comments?post=3882"}],"version-history":[{"count":1,"href":"https:\/\/www.adaje.ch\/wordpress\/wp-json\/wp\/v2\/posts\/3882\/revisions"}],"predecessor-version":[{"id":3884,"href":"https:\/\/www.adaje.ch\/wordpress\/wp-json\/wp\/v2\/posts\/3882\/revisions\/3884"}],"wp:featuredmedia":[{"embeddable":true,"href":"https:\/\/www.adaje.ch\/wordpress\/wp-json\/wp\/v2\/media\/3883"}],"wp:attachment":[{"href":"https:\/\/www.adaje.ch\/wordpress\/wp-json\/wp\/v2\/media?parent=3882"}],"wp:term":[{"taxonomy":"category","embeddable":true,"href":"https:\/\/www.adaje.ch\/wordpress\/wp-json\/wp\/v2\/categories?post=3882"},{"taxonomy":"post_tag","embeddable":true,"href":"https:\/\/www.adaje.ch\/wordpress\/wp-json\/wp\/v2\/tags?post=3882"}],"curies":[{"name":"wp","href":"https:\/\/api.w.org\/{rel}","templated":true}]}}