{"id":350,"date":"2015-09-15T17:47:29","date_gmt":"2015-09-15T16:47:29","guid":{"rendered":"http:\/\/lisajoly.myhostpoint.ch\/?p=350"},"modified":"2015-09-15T17:47:29","modified_gmt":"2015-09-15T16:47:29","slug":"fete-dautomne","status":"publish","type":"post","link":"https:\/\/www.adaje.ch\/wordpress\/2015\/09\/15\/fete-dautomne\/","title":{"rendered":"F\u00eate d&rsquo;automne"},"content":{"rendered":"<p>La f\u00eate d&rsquo;automne a eu lieu le<strong> dimanche 4 octobre 2015<\/strong>.<\/p>\n<p>La soupe \u00e0 la courge, le sanglier \u00e0 la broche, le steak vigneron, tant de choix pour se r\u00e9galer. La musique n&rsquo;\u00e9tait pas en reste puisque le groupe \u00ab\u00a0With Diligence\u00a0\u00bb \u00e9tait invit\u00e9 \u00e0 faire valser les visiteurs du parc.\u00a0 Quelques stands de produits locaux ou exotiques \u00e9taient \u00e9galement pr\u00e9sents autour de la villa et du Jardin de l&rsquo;\u00e9volution.<\/p>\n<p>R\u00e9trospective: clich\u00e9s de la f\u00eate d&rsquo;automne 2015 (photos: Lisa Joly)<\/p>\n<figure id=\"attachment_414\" aria-describedby=\"caption-attachment-414\" style=\"width: 190px\" class=\"wp-caption alignleft\"><a href=\"http:\/\/www.adaje.ch\/wordpress\/wp-content\/uploads\/2015\/10\/DSC00390.jpg\"><img loading=\"lazy\" decoding=\"async\" class=\" wp-image-414\" src=\"http:\/\/www.adaje.ch\/wordpress\/wp-content\/uploads\/2015\/10\/DSC00390-225x300.jpg\" alt=\"Courges \u00e0 l'honneur\" width=\"190\" height=\"253\" srcset=\"https:\/\/www.adaje.ch\/wordpress\/wp-content\/uploads\/2015\/10\/DSC00390-225x300.jpg 225w, https:\/\/www.adaje.ch\/wordpress\/wp-content\/uploads\/2015\/10\/DSC00390.jpg 584w\" sizes=\"auto, (max-width: 190px) 100vw, 190px\" \/><\/a><figcaption id=\"caption-attachment-414\" class=\"wp-caption-text\">Courges<\/figcaption><\/figure>\n<figure id=\"attachment_415\" aria-describedby=\"caption-attachment-415\" style=\"width: 261px\" class=\"wp-caption alignleft\"><a href=\"http:\/\/www.adaje.ch\/wordpress\/wp-content\/uploads\/2015\/10\/DSC00387.jpg\"><img loading=\"lazy\" decoding=\"async\" class=\" wp-image-415\" src=\"http:\/\/www.adaje.ch\/wordpress\/wp-content\/uploads\/2015\/10\/DSC00387-300x225.jpg\" alt=\"sous le tilleul\" width=\"261\" height=\"196\" srcset=\"https:\/\/www.adaje.ch\/wordpress\/wp-content\/uploads\/2015\/10\/DSC00387-300x225.jpg 300w, https:\/\/www.adaje.ch\/wordpress\/wp-content\/uploads\/2015\/10\/DSC00387-768x576.jpg 768w, https:\/\/www.adaje.ch\/wordpress\/wp-content\/uploads\/2015\/10\/DSC00387.jpg 778w\" sizes=\"auto, (max-width: 261px) 100vw, 261px\" \/><\/a><figcaption id=\"caption-attachment-415\" class=\"wp-caption-text\">Stand ADAJE et son pr\u00e9sident<\/figcaption><\/figure>\n<p><!--more--><\/p>\n<figure id=\"attachment_412\" aria-describedby=\"caption-attachment-412\" style=\"width: 217px\" class=\"wp-caption alignleft\"><a href=\"http:\/\/www.adaje.ch\/wordpress\/wp-content\/uploads\/2015\/10\/DSC00409.jpg\"><img loading=\"lazy\" decoding=\"async\" class=\"wp-image-412 \" src=\"http:\/\/www.adaje.ch\/wordpress\/wp-content\/uploads\/2015\/10\/DSC00409-300x225.jpg\" alt=\"Groupe\" width=\"217\" height=\"163\" srcset=\"https:\/\/www.adaje.ch\/wordpress\/wp-content\/uploads\/2015\/10\/DSC00409-300x225.jpg 300w, https:\/\/www.adaje.ch\/wordpress\/wp-content\/uploads\/2015\/10\/DSC00409-768x576.jpg 768w, https:\/\/www.adaje.ch\/wordpress\/wp-content\/uploads\/2015\/10\/DSC00409.jpg 778w\" sizes=\"auto, (max-width: 217px) 100vw, 217px\" \/><\/a><figcaption id=\"caption-attachment-412\" class=\"wp-caption-text\">Groupe de musique<\/figcaption><\/figure>\n<figure id=\"attachment_409\" aria-describedby=\"caption-attachment-409\" style=\"width: 143px\" class=\"wp-caption alignright\"><a href=\"http:\/\/www.adaje.ch\/wordpress\/wp-content\/uploads\/2015\/10\/DSC00478.jpg\"><img loading=\"lazy\" decoding=\"async\" class=\" wp-image-409\" src=\"http:\/\/www.adaje.ch\/wordpress\/wp-content\/uploads\/2015\/10\/DSC00478-225x300.jpg\" alt=\"lapins\" width=\"143\" height=\"191\" srcset=\"https:\/\/www.adaje.ch\/wordpress\/wp-content\/uploads\/2015\/10\/DSC00478-225x300.jpg 225w, https:\/\/www.adaje.ch\/wordpress\/wp-content\/uploads\/2015\/10\/DSC00478.jpg 584w\" sizes=\"auto, (max-width: 143px) 100vw, 143px\" \/><\/a><figcaption id=\"caption-attachment-409\" class=\"wp-caption-text\">Lapins et jeunes visiteurs<\/figcaption><\/figure>\n<figure id=\"attachment_411\" aria-describedby=\"caption-attachment-411\" style=\"width: 219px\" class=\"wp-caption alignleft\"><a href=\"http:\/\/www.adaje.ch\/wordpress\/wp-content\/uploads\/2015\/10\/DSC00425.jpg\"><img loading=\"lazy\" decoding=\"async\" class=\" wp-image-411\" src=\"http:\/\/www.adaje.ch\/wordpress\/wp-content\/uploads\/2015\/10\/DSC00425-300x225.jpg\" alt=\"Visite guid\u00e9e\" width=\"219\" height=\"164\" srcset=\"https:\/\/www.adaje.ch\/wordpress\/wp-content\/uploads\/2015\/10\/DSC00425-300x225.jpg 300w, https:\/\/www.adaje.ch\/wordpress\/wp-content\/uploads\/2015\/10\/DSC00425-768x576.jpg 768w, https:\/\/www.adaje.ch\/wordpress\/wp-content\/uploads\/2015\/10\/DSC00425.jpg 778w\" sizes=\"auto, (max-width: 219px) 100vw, 219px\" \/><\/a><figcaption id=\"caption-attachment-411\" class=\"wp-caption-text\">Visite guid\u00e9e du jardin de l&rsquo;\u00e9volution<\/figcaption><\/figure>\n","protected":false},"excerpt":{"rendered":"<p>La f\u00eate d&rsquo;automne a eu lieu le dimanche 4 octobre 2015. La soupe \u00e0 la courge, le sanglier \u00e0 la broche, le steak vigneron, tant de choix pour se r\u00e9galer. [&hellip;]<\/p>\n","protected":false},"author":5,"featured_media":0,"comment_status":"closed","ping_status":"closed","sticky":false,"template":"","format":"standard","meta":{"ngg_post_thumbnail":0,"_price":"","_stock":"","_tribe_ticket_header":"","_tribe_default_ticket_provider":"","_tribe_ticket_capacity":"","_ticket_start_date":"","_ticket_end_date":"","_tribe_ticket_show_description":"","_tribe_ticket_show_not_going":false,"_tribe_ticket_use_global_stock":"","_tribe_ticket_global_stock_level":"","_global_stock_mode":"","_global_stock_cap":"","_tribe_rsvp_for_event":"","_tribe_ticket_going_count":"","_tribe_ticket_not_going_count":"","_tribe_tickets_list":"[]","_tribe_ticket_has_attendee_info_fields":false,"footnotes":""},"categories":[3],"tags":[],"class_list":["post-350","post","type-post","status-publish","format-standard","hentry","category-activites_adaje"],"_links":{"self":[{"href":"https:\/\/www.adaje.ch\/wordpress\/wp-json\/wp\/v2\/posts\/350","targetHints":{"allow":["GET"]}}],"collection":[{"href":"https:\/\/www.adaje.ch\/wordpress\/wp-json\/wp\/v2\/posts"}],"about":[{"href":"https:\/\/www.adaje.ch\/wordpress\/wp-json\/wp\/v2\/types\/post"}],"author":[{"embeddable":true,"href":"https:\/\/www.adaje.ch\/wordpress\/wp-json\/wp\/v2\/users\/5"}],"replies":[{"embeddable":true,"href":"https:\/\/www.adaje.ch\/wordpress\/wp-json\/wp\/v2\/comments?post=350"}],"version-history":[{"count":0,"href":"https:\/\/www.adaje.ch\/wordpress\/wp-json\/wp\/v2\/posts\/350\/revisions"}],"wp:attachment":[{"href":"https:\/\/www.adaje.ch\/wordpress\/wp-json\/wp\/v2\/media?parent=350"}],"wp:term":[{"taxonomy":"category","embeddable":true,"href":"https:\/\/www.adaje.ch\/wordpress\/wp-json\/wp\/v2\/categories?post=350"},{"taxonomy":"post_tag","embeddable":true,"href":"https:\/\/www.adaje.ch\/wordpress\/wp-json\/wp\/v2\/tags?post=350"}],"curies":[{"name":"wp","href":"https:\/\/api.w.org\/{rel}","templated":true}]}}