{"id":260,"date":"2015-08-31T10:55:37","date_gmt":"2015-08-31T09:55:37","guid":{"rendered":"http:\/\/lisajoly.myhostpoint.ch\/?p=260"},"modified":"2022-06-06T16:39:34","modified_gmt":"2022-06-06T14:39:34","slug":"composition-du-comite","status":"publish","type":"post","link":"https:\/\/www.adaje.ch\/wordpress\/2015\/08\/31\/composition-du-comite\/","title":{"rendered":"Composition du comit\u00e9"},"content":{"rendered":"<p><strong>Pr\u00e9sident:<\/strong><br>Georges de Montmollin<br><strong>Vice-pr\u00e9sidente:<\/strong><br>Vacant<br><strong>Secr\u00e9taire:<\/strong><br>Elisabeth Pastor<\/p>\n<p><strong>Membres:<\/strong><\/p>\n<p>Jason Grant, co-organisateur des excursions botaniques<br>Hoang L\u00ea, tr\u00e9sorier<br>Fabienne Montandon, r\u00e9dactrice de l\u2019Ermite herbu<br>Paul-Etienne Montandon, metteur en page de L\u2019Ermite herbu<br>Cornelia Neubacher Kessler, responsable page internet<\/p>\n\n\n<p class=\"wp-block-paragraph\"><\/p>\n","protected":false},"excerpt":{"rendered":"<p>Pr\u00e9sident:Georges de MontmollinVice-pr\u00e9sidente:VacantSecr\u00e9taire:Elisabeth Pastor Membres: Jason Grant, co-organisateur des excursions botaniquesHoang L\u00ea, tr\u00e9sorierFabienne Montandon, r\u00e9dactrice de l\u2019Ermite herbuPaul-Etienne Montandon, metteur en page de L\u2019Ermite herbuCornelia Neubacher Kessler, responsable page internet<\/p>\n","protected":false},"author":5,"featured_media":0,"comment_status":"closed","ping_status":"open","sticky":false,"template":"","format":"standard","meta":{"ngg_post_thumbnail":0,"_price":"","_stock":"","_tribe_ticket_header":"","_tribe_default_ticket_provider":"","_tribe_ticket_capacity":"","_ticket_start_date":"","_ticket_end_date":"","_tribe_ticket_show_description":"","_tribe_ticket_show_not_going":false,"_tribe_ticket_use_global_stock":"","_tribe_ticket_global_stock_level":"","_global_stock_mode":"","_global_stock_cap":"","_tribe_rsvp_for_event":"","_tribe_ticket_going_count":"","_tribe_ticket_not_going_count":"","_tribe_tickets_list":"[]","_tribe_ticket_has_attendee_info_fields":false,"footnotes":""},"categories":[5],"tags":[],"class_list":["post-260","post","type-post","status-publish","format-standard","hentry","category-association"],"_links":{"self":[{"href":"https:\/\/www.adaje.ch\/wordpress\/wp-json\/wp\/v2\/posts\/260","targetHints":{"allow":["GET"]}}],"collection":[{"href":"https:\/\/www.adaje.ch\/wordpress\/wp-json\/wp\/v2\/posts"}],"about":[{"href":"https:\/\/www.adaje.ch\/wordpress\/wp-json\/wp\/v2\/types\/post"}],"author":[{"embeddable":true,"href":"https:\/\/www.adaje.ch\/wordpress\/wp-json\/wp\/v2\/users\/5"}],"replies":[{"embeddable":true,"href":"https:\/\/www.adaje.ch\/wordpress\/wp-json\/wp\/v2\/comments?post=260"}],"version-history":[{"count":11,"href":"https:\/\/www.adaje.ch\/wordpress\/wp-json\/wp\/v2\/posts\/260\/revisions"}],"predecessor-version":[{"id":1657,"href":"https:\/\/www.adaje.ch\/wordpress\/wp-json\/wp\/v2\/posts\/260\/revisions\/1657"}],"wp:attachment":[{"href":"https:\/\/www.adaje.ch\/wordpress\/wp-json\/wp\/v2\/media?parent=260"}],"wp:term":[{"taxonomy":"category","embeddable":true,"href":"https:\/\/www.adaje.ch\/wordpress\/wp-json\/wp\/v2\/categories?post=260"},{"taxonomy":"post_tag","embeddable":true,"href":"https:\/\/www.adaje.ch\/wordpress\/wp-json\/wp\/v2\/tags?post=260"}],"curies":[{"name":"wp","href":"https:\/\/api.w.org\/{rel}","templated":true}]}}