{"id":1285,"date":"2022-04-14T22:59:13","date_gmt":"2022-04-14T20:59:13","guid":{"rendered":"http:\/\/www.adaje.ch\/wordpress\/?p=1285"},"modified":"2023-03-25T14:46:57","modified_gmt":"2023-03-25T13:46:57","slug":"journal-des-vivants","status":"publish","type":"post","link":"https:\/\/www.adaje.ch\/wordpress\/2022\/04\/14\/journal-des-vivants\/","title":{"rendered":"Journal des vivants"},"content":{"rendered":"\n<p class=\"wp-block-paragraph\">Ce journal se veut une invitation \u00e0 reprendre contact avec les vivants non humains qui font partie de notre vie et \u00e0 partager vos exp\u00e9riences pour que ce journal soit le fruit d\u2019une collaboration.<br>L\u2019ADAJE vous propose de devenir reporter chez les vivants. Chacune et chacun est invit\u00e9 \u00e0 envoyer au Journal des vivants, des photos (ou des vid\u00e9os) et \u00e0 nous informer des observations qu\u2019il aura faites.<\/p>\n\n\n\n<ol class=\"wp-block-list\">\n<li>Observez la vie autour de vous.<\/li>\n\n\n\n<li>Prenez des photos.<\/li>\n\n\n\n<li>Envoyez-nous vos photos.<\/li>\n\n\n\n<li>Envoyez-nous \u00e9galement les informations suivantes si vous le souhaitez :<br>Nom, pr\u00e9nom, date de la photo, lieu de la photo et commentaires.<\/li>\n\n\n\n<li>Envoyez vos photos et informations \u00e0: <a href=\"mailto:info@adaje.ch\">info@adaje.ch<\/a><\/li>\n<\/ol>\n\n\n\n<p class=\"wp-block-paragraph\"><a href=\"http:\/\/www.adaje.ch\/wordpress\/wp-content\/uploads\/2022\/04\/journal-vivants-2022-avril.pdf\">Le Journal des vivantes en avril 2022<\/a><\/p>\n","protected":false},"excerpt":{"rendered":"<p>Ce journal se veut une invitation \u00e0 reprendre contact avec les vivants non humains qui font partie de notre vie et \u00e0 partager vos exp\u00e9riences pour que ce journal soit [&hellip;]<\/p>\n","protected":false},"author":5,"featured_media":3877,"comment_status":"closed","ping_status":"closed","sticky":false,"template":"","format":"standard","meta":{"ngg_post_thumbnail":0,"_price":"","_stock":"","_tribe_ticket_header":"","_tribe_default_ticket_provider":"","_tribe_ticket_capacity":"","_ticket_start_date":"","_ticket_end_date":"","_tribe_ticket_show_description":"","_tribe_ticket_show_not_going":false,"_tribe_ticket_use_global_stock":"","_tribe_ticket_global_stock_level":"","_global_stock_mode":"","_global_stock_cap":"","_tribe_rsvp_for_event":"","_tribe_ticket_going_count":"","_tribe_ticket_not_going_count":"","_tribe_tickets_list":"[]","_tribe_ticket_has_attendee_info_fields":false,"footnotes":""},"categories":[53],"tags":[],"class_list":["post-1285","post","type-post","status-publish","format-standard","has-post-thumbnail","hentry","category-journal-des-vivantes"],"_links":{"self":[{"href":"https:\/\/www.adaje.ch\/wordpress\/wp-json\/wp\/v2\/posts\/1285","targetHints":{"allow":["GET"]}}],"collection":[{"href":"https:\/\/www.adaje.ch\/wordpress\/wp-json\/wp\/v2\/posts"}],"about":[{"href":"https:\/\/www.adaje.ch\/wordpress\/wp-json\/wp\/v2\/types\/post"}],"author":[{"embeddable":true,"href":"https:\/\/www.adaje.ch\/wordpress\/wp-json\/wp\/v2\/users\/5"}],"replies":[{"embeddable":true,"href":"https:\/\/www.adaje.ch\/wordpress\/wp-json\/wp\/v2\/comments?post=1285"}],"version-history":[{"count":3,"href":"https:\/\/www.adaje.ch\/wordpress\/wp-json\/wp\/v2\/posts\/1285\/revisions"}],"predecessor-version":[{"id":3878,"href":"https:\/\/www.adaje.ch\/wordpress\/wp-json\/wp\/v2\/posts\/1285\/revisions\/3878"}],"wp:featuredmedia":[{"embeddable":true,"href":"https:\/\/www.adaje.ch\/wordpress\/wp-json\/wp\/v2\/media\/3877"}],"wp:attachment":[{"href":"https:\/\/www.adaje.ch\/wordpress\/wp-json\/wp\/v2\/media?parent=1285"}],"wp:term":[{"taxonomy":"category","embeddable":true,"href":"https:\/\/www.adaje.ch\/wordpress\/wp-json\/wp\/v2\/categories?post=1285"},{"taxonomy":"post_tag","embeddable":true,"href":"https:\/\/www.adaje.ch\/wordpress\/wp-json\/wp\/v2\/tags?post=1285"}],"curies":[{"name":"wp","href":"https:\/\/api.w.org\/{rel}","templated":true}]}}